 {"id":743,"date":"2017-06-13T11:05:00","date_gmt":"2017-06-13T10:05:00","guid":{"rendered":"https:\/\/blog.vpiera.com\/es\/?p=743"},"modified":"2022-03-22T10:22:27","modified_gmt":"2022-03-22T09:22:27","slug":"pasteles-schmincke","status":"publish","type":"post","link":"https:\/\/blog.vpiera.com\/es\/pasteles-schmincke\/","title":{"rendered":"LOS PASTELES SCHMINCKE"},"content":{"rendered":"<h1 class=\"p1\"><span style=\"color: #333399\"><strong>\u00bfHab\u00e9is utilizado\u00a0<a style=\"color: #333399\" href=\"https:\/\/www.vpiera.com\/es\/cataleg:Cos\/0\/bellas-artes\/pasteles\/pastel-schmincke\/\" target=\"_blank\" rel=\"noopener noreferrer\">PASTELES SCHMINCKE<\/a>\u00a0alguna vez?<\/strong><\/span><\/h1>\n<p>Trabajar con los\u00a0<span style=\"color: #333399\">PASTELES SCHMINCKE\u00a0<\/span>supersuaves te lleva de vuelta al origen del color y la pintura.\u00a0Es una experiencia real y no simple dibujo. Seguramente es el pastel m\u00e1s apreciado por todos los pastelistas profesionales, gracias a su suavidad en la aplicaci\u00f3n<\/p>\n<p class=\"p1\"><b><img loading=\"lazy\" decoding=\"async\" class=\"alignleft wp-image-745\" src=\"https:\/\/blog.vpiera.com\/es\/wp-content\/uploads\/sites\/2\/2016\/10\/c3aad029c8cda1611a2a82c777679fc3-300x201.jpg\" alt=\"PASTELES SCHMINCKE\" width=\"278\" height=\"190\" \/>Schmincke <\/b>nos ofrece unos pasteles suaves y extra-finos para expresar el color en su m\u00e1xima pureza.<\/p>\n<p class=\"p1\">Poseen una alta concentraci\u00f3n de pigmentos puros, con el m\u00ednimo contenido de aglutinante para asegurar una mezcla estable.<\/p>\n<p class=\"p1\"><!--more--><\/p>\n<h1 class=\"p1\"><span style=\"color: #333399\">El\u00a0proceso de fabricaci\u00f3n los\u00a0PASTELES SCHMINCKE:<\/span><\/h1>\n<p class=\"p1\"><a href=\"https:\/\/www.vpiera.com\/es\/cataleg:Cos\/0\/bellas-artes\/pasteles\/pastel-schmincke\/\" target=\"_blank\" rel=\"noopener noreferrer\"><img loading=\"lazy\" decoding=\"async\" class=\"alignleft wp-image-744\" src=\"https:\/\/blog.vpiera.com\/es\/wp-content\/uploads\/sites\/2\/2016\/10\/Stift_und_Wischer_01-300x164.jpg\" alt=\"PASTELES SCHMINCKE\" width=\"277\" height=\"158\" \/><\/a><\/p>\n<p class=\"p1\">A fin de garantizar la m\u00e1s alta calidad es necesario utilizar recetas especiales que evitan la utilizaci\u00f3n de m\u00e1quinas durante la fabricaci\u00f3n.<\/p>\n<p class=\"p1\">La pasta es previamente amasada,<span class=\"Apple-converted-space\">\u00a0<\/span>se pasa por una m\u00e1quina que le dar\u00e1 su forma redonda.<\/p>\n<p class=\"p1\">Posteriormente se cortar\u00e1 a mano, en tiras, con un bastidor encordado con alambre, cuando la masa todav\u00eda esta h\u00fameda. Pasados 8 d\u00edas de secado los pasteles ser\u00e1n etiquetados y envasados tambi\u00e9n a mano.<\/p>\n<p class=\"p1\">Este proceso garantiza la calidad y homogeneidad de toda la producci\u00f3n.<\/p>\n<h2 class=\"p1\"><span style=\"color: #333399\"><span class=\"s1\"><b>Los colores de los\u00a0<\/b><\/span>PASTELES SCHMINCKE:<\/span><\/h2>\n<p class=\"p1\"><span class=\"s1\"><a href=\"https:\/\/www.vpiera.com\/es\/cataleg:Cos\/0\/bellas-artes\/pasteles\/cajas-pasteles-schmincke\" target=\"_blank\" rel=\"noopener noreferrer\"><img loading=\"lazy\" decoding=\"async\" class=\"alignleft wp-image-746 size-medium\" src=\"https:\/\/blog.vpiera.com\/es\/wp-content\/uploads\/sites\/2\/2016\/10\/9047_1_-300x300.jpg\" alt=\"PASTELES SCHMINCKE\" width=\"300\" height=\"300\" srcset=\"https:\/\/blog.vpiera.com\/es\/wp-content\/uploads\/sites\/2\/2016\/10\/9047_1_-300x300.jpg 300w, https:\/\/blog.vpiera.com\/es\/wp-content\/uploads\/sites\/2\/2016\/10\/9047_1_-150x150.jpg 150w, https:\/\/blog.vpiera.com\/es\/wp-content\/uploads\/sites\/2\/2016\/10\/9047_1_.jpg 500w\" sizes=\"auto, (max-width: 300px) 100vw, 300px\" \/><\/a>Los pasteles Schmincke est\u00e1n fabricados con los m\u00e1s puros pigmentos para artistas, en la m\u00e1xima concentraci\u00f3n posible .<\/span><\/p>\n<p class=\"p1\"><span class=\"s1\"><span style=\"color: #808080\"><strong>Un surtido de 400 colores componen su CARTA DE COLORES<\/strong><\/span> clasificados en 80 gamas con 5 tonos cada una, incluyendo una gama con 5 colores nacarados.<\/span><\/p>\n<p class=\"p1\">Dimensiones del pastel: aprox. 65 mm de largo y di\u00e1metro 12 mm.<\/p>\n<h2 class=\"p1\"><span style=\"color: #333399\">Productos complementarios para pintar con\u00a0PASTELES SCHMINCKE:<\/span><\/h2>\n<p class=\"p1\">Dada la sensibilidad de las <b>pinturas al pastel<\/b>, \u00e9stas deber\u00edan ser tratadas con un fijador espec\u00edfico<b> <\/b>como el<b><a href=\"https:\/\/www.vpiera.com\/es\/cataleg:Cos\/0\/bellas-artes\/pasteles\/pastel-schmincke\/\" target=\"_blank\" rel=\"noopener noreferrer\"> fijador para pastel de Schmincke<\/a>, <\/b>excepto si se trabaja con el <a href=\"https:\/\/www.vpiera.com\/es\/cataleg:Cos\/0\/bellas-artes\/pasteles\/pastel-schmincke\/\" target=\"_blank\" rel=\"noopener noreferrer\"><b>papel para pastel Sansfix<\/b><\/a>, de <a href=\"https:\/\/www.vpiera.com\/es\/cataleg:Cos\/0\/bellas-artes\/pasteles\/pastel-schmincke\/\" target=\"_blank\" rel=\"noopener noreferrer\"><b>Schmincke<\/b><\/a>, en que no ser\u00eda necesario fijador.<\/p>\n<p class=\"p1\"><span class=\"s1\"><a href=\"https:\/\/www.vpiera.com\/es\/cataleg:Cos\/0\/bellas-artes\/pasteles\/pastel-schmincke\/\" target=\"_blank\" rel=\"noopener noreferrer\"><b>Schmincke <\/b><\/a>nos ofrece tambi\u00e9n otros productos como la <a href=\"https:\/\/www.vpiera.com\/es\/cataleg:Cos\/0\/bellas-artes\/pasteles\/pastel-schmincke\/\" target=\"_blank\" rel=\"noopener noreferrer\"><b>imprimaci\u00f3n para pastel<\/b><\/a>, el<a href=\"https:\/\/www.vpiera.com\/es\/cataleg:Cos\/0\/bellas-artes\/pasteles\/pastel-schmincke\/\" target=\"_blank\" rel=\"noopener noreferrer\"><b> fijador universal<\/b><\/a>\u00a0o el <b><a href=\"https:\/\/www.vpiera.com\/es\/cataleg:Cos\/0\/bellas-artes\/pasteles\/pastel-schmincke\/\" target=\"_blank\" rel=\"noopener noreferrer\">fijador para carboncillo y l\u00e1piz<\/a>.<\/b><\/span><\/p>\n<p class=\"p1\"><span class=\"s1\"><b><a href=\"https:\/\/www.vpiera.com\/es\/cataleg:Cos\/0\/bellas-artes\/pasteles\/pastel-schmincke\/\" target=\"_blank\" rel=\"noopener noreferrer\"><img loading=\"lazy\" decoding=\"async\" class=\"wp-image-747 alignleft\" src=\"https:\/\/blog.vpiera.com\/es\/wp-content\/uploads\/sites\/2\/2016\/10\/WSA403-300x300.jpg\" alt=\"pastel-schmincke\" width=\"250\" height=\"255\" \/><\/a><\/b><\/span><\/p>\n<p class=\"p1\"><a href=\"https:\/\/www.vpiera.com\/es\/cataleg:Cos\/0\/bellas-artes\/pasteles\/pastel-schmincke\/\" target=\"_blank\" rel=\"noopener noreferrer\"><img loading=\"lazy\" decoding=\"async\" class=\"alignnone wp-image-748 \" src=\"https:\/\/blog.vpiera.com\/es\/wp-content\/uploads\/sites\/2\/2016\/10\/SC50503J_Zoom_1-300x300.jpg\" alt=\"pastel-schmincke\" width=\"254\" height=\"254\" srcset=\"https:\/\/blog.vpiera.com\/es\/wp-content\/uploads\/sites\/2\/2016\/10\/SC50503J_Zoom_1-300x300.jpg 300w, https:\/\/blog.vpiera.com\/es\/wp-content\/uploads\/sites\/2\/2016\/10\/SC50503J_Zoom_1-150x150.jpg 150w, https:\/\/blog.vpiera.com\/es\/wp-content\/uploads\/sites\/2\/2016\/10\/SC50503J_Zoom_1.jpg 400w\" sizes=\"auto, (max-width: 254px) 100vw, 254px\" \/><\/a><\/p>\n<p class=\"p1\">\u00a0Tambi\u00e9n te puede interesar conocer <a href=\"https:\/\/blog.vpiera.com\/es\/colores-panpastel\/\">los PANPASTEL: pasteles en tarro de alta calidad, ultrasuaves para artistas.<\/a><\/p>\n","protected":false},"excerpt":{"rendered":"<p>\u00bfHab\u00e9is utilizado\u00a0PASTELES SCHMINCKE\u00a0alguna vez? Trabajar con los\u00a0PASTELES SCHMINCKE\u00a0supersuaves te lleva de vuelta al origen del&#8230; <a href=\"https:\/\/blog.vpiera.com\/es\/pasteles-schmincke\/\" class=\"llegirmes\">Llegir m\u00e9s -><\/a><\/p>\n","protected":false},"author":2,"featured_media":745,"comment_status":"closed","ping_status":"open","sticky":false,"template":"","format":"standard","meta":{"footnotes":""},"categories":[55],"tags":[34,61],"class_list":["post-743","post","type-post","status-publish","format-standard","has-post-thumbnail","hentry","category-materiales-bellas-artes","tag-pasteles","tag-tecnicas-secas","post-preview"],"yoast_head":"<!-- This site is optimized with the Yoast SEO plugin v27.3 - https:\/\/yoast.com\/product\/yoast-seo-wordpress\/ -->\n<title>LOS PASTELES SCHMINCKE, suaves y extrafinos, en Vicen\u00e7 Piera<\/title>\n<meta name=\"description\" content=\"\u00bfHab\u00e9is utilizado pasteles alguna vez? Trabajar con los PASTELES SCHMINCKE supersuaves te lleva de vuelta al origen del color y la pintura.. \u00a1Descubrelos!\" \/>\n<meta name=\"robots\" content=\"index, follow, max-snippet:-1, max-image-preview:large, max-video-preview:-1\" \/>\n<link rel=\"canonical\" href=\"https:\/\/blog.vpiera.com\/es\/pasteles-schmincke\/\" \/>\n<meta property=\"og:locale\" content=\"es_ES\" \/>\n<meta property=\"og:type\" content=\"article\" \/>\n<meta property=\"og:title\" content=\"LOS PASTELES SCHMINCKE, suaves y extrafinos, en Vicen\u00e7 Piera\" \/>\n<meta property=\"og:description\" content=\"\u00bfHab\u00e9is utilizado pasteles alguna vez? Trabajar con los PASTELES SCHMINCKE supersuaves te lleva de vuelta al origen del color y la pintura.. \u00a1Descubrelos!\" \/>\n<meta property=\"og:url\" content=\"https:\/\/blog.vpiera.com\/es\/pasteles-schmincke\/\" \/>\n<meta property=\"og:site_name\" content=\"Vicen\u00e7 Piera SL (ES)\" \/>\n<meta property=\"article:author\" content=\"www.facebook.com\/vpiera\/\" \/>\n<meta property=\"article:published_time\" content=\"2017-06-13T10:05:00+00:00\" \/>\n<meta property=\"article:modified_time\" content=\"2022-03-22T09:22:27+00:00\" \/>\n<meta property=\"og:image\" content=\"https:\/\/blog.vpiera.com\/es\/wp-content\/uploads\/sites\/2\/2016\/10\/c3aad029c8cda1611a2a82c777679fc3.jpg\" \/>\n\t<meta property=\"og:image:width\" content=\"736\" \/>\n\t<meta property=\"og:image:height\" content=\"492\" \/>\n\t<meta property=\"og:image:type\" content=\"image\/jpeg\" \/>\n<meta name=\"author\" content=\"Vicen\u00e7 Piera S.L.\" \/>\n<meta name=\"twitter:label1\" content=\"Escrito por\" \/>\n\t<meta name=\"twitter:data1\" content=\"Vicen\u00e7 Piera S.L.\" \/>\n\t<meta name=\"twitter:label2\" content=\"Tiempo de lectura\" \/>\n\t<meta name=\"twitter:data2\" content=\"2 minutos\" \/>\n<script type=\"application\/ld+json\" class=\"yoast-schema-graph\">{\"@context\":\"https:\\\/\\\/schema.org\",\"@graph\":[{\"@type\":\"Article\",\"@id\":\"https:\\\/\\\/blog.vpiera.com\\\/es\\\/pasteles-schmincke\\\/#article\",\"isPartOf\":{\"@id\":\"https:\\\/\\\/blog.vpiera.com\\\/es\\\/pasteles-schmincke\\\/\"},\"author\":{\"name\":\"Vicen\u00e7 Piera S.L.\",\"@id\":\"https:\\\/\\\/blog.vpiera.com\\\/es\\\/#\\\/schema\\\/person\\\/9a8d3d36dc209c41d1dcf8909d04d731\"},\"headline\":\"LOS PASTELES SCHMINCKE\",\"datePublished\":\"2017-06-13T10:05:00+00:00\",\"dateModified\":\"2022-03-22T09:22:27+00:00\",\"mainEntityOfPage\":{\"@id\":\"https:\\\/\\\/blog.vpiera.com\\\/es\\\/pasteles-schmincke\\\/\"},\"wordCount\":344,\"image\":{\"@id\":\"https:\\\/\\\/blog.vpiera.com\\\/es\\\/pasteles-schmincke\\\/#primaryimage\"},\"thumbnailUrl\":\"https:\\\/\\\/blog.vpiera.com\\\/es\\\/wp-content\\\/uploads\\\/sites\\\/2\\\/2016\\\/10\\\/c3aad029c8cda1611a2a82c777679fc3.jpg\",\"keywords\":[\"PASTELES\",\"T\u00c9CNICAS SECAS\"],\"articleSection\":[\"Materiales\"],\"inLanguage\":\"es\"},{\"@type\":\"WebPage\",\"@id\":\"https:\\\/\\\/blog.vpiera.com\\\/es\\\/pasteles-schmincke\\\/\",\"url\":\"https:\\\/\\\/blog.vpiera.com\\\/es\\\/pasteles-schmincke\\\/\",\"name\":\"LOS PASTELES SCHMINCKE, suaves y extrafinos, en Vicen\u00e7 Piera\",\"isPartOf\":{\"@id\":\"https:\\\/\\\/blog.vpiera.com\\\/es\\\/#website\"},\"primaryImageOfPage\":{\"@id\":\"https:\\\/\\\/blog.vpiera.com\\\/es\\\/pasteles-schmincke\\\/#primaryimage\"},\"image\":{\"@id\":\"https:\\\/\\\/blog.vpiera.com\\\/es\\\/pasteles-schmincke\\\/#primaryimage\"},\"thumbnailUrl\":\"https:\\\/\\\/blog.vpiera.com\\\/es\\\/wp-content\\\/uploads\\\/sites\\\/2\\\/2016\\\/10\\\/c3aad029c8cda1611a2a82c777679fc3.jpg\",\"datePublished\":\"2017-06-13T10:05:00+00:00\",\"dateModified\":\"2022-03-22T09:22:27+00:00\",\"author\":{\"@id\":\"https:\\\/\\\/blog.vpiera.com\\\/es\\\/#\\\/schema\\\/person\\\/9a8d3d36dc209c41d1dcf8909d04d731\"},\"description\":\"\u00bfHab\u00e9is utilizado pasteles alguna vez? Trabajar con los PASTELES SCHMINCKE supersuaves te lleva de vuelta al origen del color y la pintura.. \u00a1Descubrelos!\",\"breadcrumb\":{\"@id\":\"https:\\\/\\\/blog.vpiera.com\\\/es\\\/pasteles-schmincke\\\/#breadcrumb\"},\"inLanguage\":\"es\",\"potentialAction\":[{\"@type\":\"ReadAction\",\"target\":[\"https:\\\/\\\/blog.vpiera.com\\\/es\\\/pasteles-schmincke\\\/\"]}]},{\"@type\":\"ImageObject\",\"inLanguage\":\"es\",\"@id\":\"https:\\\/\\\/blog.vpiera.com\\\/es\\\/pasteles-schmincke\\\/#primaryimage\",\"url\":\"https:\\\/\\\/blog.vpiera.com\\\/es\\\/wp-content\\\/uploads\\\/sites\\\/2\\\/2016\\\/10\\\/c3aad029c8cda1611a2a82c777679fc3.jpg\",\"contentUrl\":\"https:\\\/\\\/blog.vpiera.com\\\/es\\\/wp-content\\\/uploads\\\/sites\\\/2\\\/2016\\\/10\\\/c3aad029c8cda1611a2a82c777679fc3.jpg\",\"width\":736,\"height\":492},{\"@type\":\"BreadcrumbList\",\"@id\":\"https:\\\/\\\/blog.vpiera.com\\\/es\\\/pasteles-schmincke\\\/#breadcrumb\",\"itemListElement\":[{\"@type\":\"ListItem\",\"position\":1,\"name\":\"Portada\",\"item\":\"https:\\\/\\\/blog.vpiera.com\\\/es\\\/\"},{\"@type\":\"ListItem\",\"position\":2,\"name\":\"LOS PASTELES SCHMINCKE\"}]},{\"@type\":\"WebSite\",\"@id\":\"https:\\\/\\\/blog.vpiera.com\\\/es\\\/#website\",\"url\":\"https:\\\/\\\/blog.vpiera.com\\\/es\\\/\",\"name\":\"Vicen\u00e7 Piera SL (ES)\",\"description\":\"Blog de la tienda de bellas artes Piera\",\"potentialAction\":[{\"@type\":\"SearchAction\",\"target\":{\"@type\":\"EntryPoint\",\"urlTemplate\":\"https:\\\/\\\/blog.vpiera.com\\\/es\\\/?s={search_term_string}\"},\"query-input\":{\"@type\":\"PropertyValueSpecification\",\"valueRequired\":true,\"valueName\":\"search_term_string\"}}],\"inLanguage\":\"es\"},{\"@type\":\"Person\",\"@id\":\"https:\\\/\\\/blog.vpiera.com\\\/es\\\/#\\\/schema\\\/person\\\/9a8d3d36dc209c41d1dcf8909d04d731\",\"name\":\"Vicen\u00e7 Piera S.L.\",\"image\":{\"@type\":\"ImageObject\",\"inLanguage\":\"es\",\"@id\":\"https:\\\/\\\/secure.gravatar.com\\\/avatar\\\/92010df61089d849819256e38f1504ffc05b3a144c02432128daaa8092108b44?s=96&d=blank&r=g\",\"url\":\"https:\\\/\\\/secure.gravatar.com\\\/avatar\\\/92010df61089d849819256e38f1504ffc05b3a144c02432128daaa8092108b44?s=96&d=blank&r=g\",\"contentUrl\":\"https:\\\/\\\/secure.gravatar.com\\\/avatar\\\/92010df61089d849819256e38f1504ffc05b3a144c02432128daaa8092108b44?s=96&d=blank&r=g\",\"caption\":\"Vicen\u00e7 Piera S.L.\"},\"description\":\"Bellas Artes Piera es una empresa familiar fundada en el a\u00f1o 1941, que dispone de una red de establecimientos comerciales propios. Estamos especializados en la venta de materiales para Artistas, dibujantes, ilustradores, dise\u00f1adores, creadores, arquitectos, oficinas, etc... Vendemos al detalle, al mayor y exportamos al resto del mundo. Damos servicio a particulares, profesionales, escuelas, pymes, gran empresa, organismos oficiales, Administraci\u00f3n P\u00fablica etc...\",\"sameAs\":[\"http:\\\/\\\/www.vpiera.com\",\"www.facebook.com\\\/vpiera\\\/\",\"https:\\\/\\\/x.com\\\/vpierabbaa\"]}]}<\/script>\n<!-- \/ Yoast SEO plugin. -->","yoast_head_json":{"title":"LOS PASTELES SCHMINCKE, suaves y extrafinos, en Vicen\u00e7 Piera","description":"\u00bfHab\u00e9is utilizado pasteles alguna vez? Trabajar con los PASTELES SCHMINCKE supersuaves te lleva de vuelta al origen del color y la pintura.. \u00a1Descubrelos!","robots":{"index":"index","follow":"follow","max-snippet":"max-snippet:-1","max-image-preview":"max-image-preview:large","max-video-preview":"max-video-preview:-1"},"canonical":"https:\/\/blog.vpiera.com\/es\/pasteles-schmincke\/","og_locale":"es_ES","og_type":"article","og_title":"LOS PASTELES SCHMINCKE, suaves y extrafinos, en Vicen\u00e7 Piera","og_description":"\u00bfHab\u00e9is utilizado pasteles alguna vez? Trabajar con los PASTELES SCHMINCKE supersuaves te lleva de vuelta al origen del color y la pintura.. \u00a1Descubrelos!","og_url":"https:\/\/blog.vpiera.com\/es\/pasteles-schmincke\/","og_site_name":"Vicen\u00e7 Piera SL (ES)","article_author":"www.facebook.com\/vpiera\/","article_published_time":"2017-06-13T10:05:00+00:00","article_modified_time":"2022-03-22T09:22:27+00:00","og_image":[{"width":736,"height":492,"url":"https:\/\/blog.vpiera.com\/es\/wp-content\/uploads\/sites\/2\/2016\/10\/c3aad029c8cda1611a2a82c777679fc3.jpg","type":"image\/jpeg"}],"author":"Vicen\u00e7 Piera S.L.","twitter_misc":{"Escrito por":"Vicen\u00e7 Piera S.L.","Tiempo de lectura":"2 minutos"},"schema":{"@context":"https:\/\/schema.org","@graph":[{"@type":"Article","@id":"https:\/\/blog.vpiera.com\/es\/pasteles-schmincke\/#article","isPartOf":{"@id":"https:\/\/blog.vpiera.com\/es\/pasteles-schmincke\/"},"author":{"name":"Vicen\u00e7 Piera S.L.","@id":"https:\/\/blog.vpiera.com\/es\/#\/schema\/person\/9a8d3d36dc209c41d1dcf8909d04d731"},"headline":"LOS PASTELES SCHMINCKE","datePublished":"2017-06-13T10:05:00+00:00","dateModified":"2022-03-22T09:22:27+00:00","mainEntityOfPage":{"@id":"https:\/\/blog.vpiera.com\/es\/pasteles-schmincke\/"},"wordCount":344,"image":{"@id":"https:\/\/blog.vpiera.com\/es\/pasteles-schmincke\/#primaryimage"},"thumbnailUrl":"https:\/\/blog.vpiera.com\/es\/wp-content\/uploads\/sites\/2\/2016\/10\/c3aad029c8cda1611a2a82c777679fc3.jpg","keywords":["PASTELES","T\u00c9CNICAS SECAS"],"articleSection":["Materiales"],"inLanguage":"es"},{"@type":"WebPage","@id":"https:\/\/blog.vpiera.com\/es\/pasteles-schmincke\/","url":"https:\/\/blog.vpiera.com\/es\/pasteles-schmincke\/","name":"LOS PASTELES SCHMINCKE, suaves y extrafinos, en Vicen\u00e7 Piera","isPartOf":{"@id":"https:\/\/blog.vpiera.com\/es\/#website"},"primaryImageOfPage":{"@id":"https:\/\/blog.vpiera.com\/es\/pasteles-schmincke\/#primaryimage"},"image":{"@id":"https:\/\/blog.vpiera.com\/es\/pasteles-schmincke\/#primaryimage"},"thumbnailUrl":"https:\/\/blog.vpiera.com\/es\/wp-content\/uploads\/sites\/2\/2016\/10\/c3aad029c8cda1611a2a82c777679fc3.jpg","datePublished":"2017-06-13T10:05:00+00:00","dateModified":"2022-03-22T09:22:27+00:00","author":{"@id":"https:\/\/blog.vpiera.com\/es\/#\/schema\/person\/9a8d3d36dc209c41d1dcf8909d04d731"},"description":"\u00bfHab\u00e9is utilizado pasteles alguna vez? Trabajar con los PASTELES SCHMINCKE supersuaves te lleva de vuelta al origen del color y la pintura.. \u00a1Descubrelos!","breadcrumb":{"@id":"https:\/\/blog.vpiera.com\/es\/pasteles-schmincke\/#breadcrumb"},"inLanguage":"es","potentialAction":[{"@type":"ReadAction","target":["https:\/\/blog.vpiera.com\/es\/pasteles-schmincke\/"]}]},{"@type":"ImageObject","inLanguage":"es","@id":"https:\/\/blog.vpiera.com\/es\/pasteles-schmincke\/#primaryimage","url":"https:\/\/blog.vpiera.com\/es\/wp-content\/uploads\/sites\/2\/2016\/10\/c3aad029c8cda1611a2a82c777679fc3.jpg","contentUrl":"https:\/\/blog.vpiera.com\/es\/wp-content\/uploads\/sites\/2\/2016\/10\/c3aad029c8cda1611a2a82c777679fc3.jpg","width":736,"height":492},{"@type":"BreadcrumbList","@id":"https:\/\/blog.vpiera.com\/es\/pasteles-schmincke\/#breadcrumb","itemListElement":[{"@type":"ListItem","position":1,"name":"Portada","item":"https:\/\/blog.vpiera.com\/es\/"},{"@type":"ListItem","position":2,"name":"LOS PASTELES SCHMINCKE"}]},{"@type":"WebSite","@id":"https:\/\/blog.vpiera.com\/es\/#website","url":"https:\/\/blog.vpiera.com\/es\/","name":"Vicen\u00e7 Piera SL (ES)","description":"Blog de la tienda de bellas artes Piera","potentialAction":[{"@type":"SearchAction","target":{"@type":"EntryPoint","urlTemplate":"https:\/\/blog.vpiera.com\/es\/?s={search_term_string}"},"query-input":{"@type":"PropertyValueSpecification","valueRequired":true,"valueName":"search_term_string"}}],"inLanguage":"es"},{"@type":"Person","@id":"https:\/\/blog.vpiera.com\/es\/#\/schema\/person\/9a8d3d36dc209c41d1dcf8909d04d731","name":"Vicen\u00e7 Piera S.L.","image":{"@type":"ImageObject","inLanguage":"es","@id":"https:\/\/secure.gravatar.com\/avatar\/92010df61089d849819256e38f1504ffc05b3a144c02432128daaa8092108b44?s=96&d=blank&r=g","url":"https:\/\/secure.gravatar.com\/avatar\/92010df61089d849819256e38f1504ffc05b3a144c02432128daaa8092108b44?s=96&d=blank&r=g","contentUrl":"https:\/\/secure.gravatar.com\/avatar\/92010df61089d849819256e38f1504ffc05b3a144c02432128daaa8092108b44?s=96&d=blank&r=g","caption":"Vicen\u00e7 Piera S.L."},"description":"Bellas Artes Piera es una empresa familiar fundada en el a\u00f1o 1941, que dispone de una red de establecimientos comerciales propios. Estamos especializados en la venta de materiales para Artistas, dibujantes, ilustradores, dise\u00f1adores, creadores, arquitectos, oficinas, etc... Vendemos al detalle, al mayor y exportamos al resto del mundo. Damos servicio a particulares, profesionales, escuelas, pymes, gran empresa, organismos oficiales, Administraci\u00f3n P\u00fablica etc...","sameAs":["http:\/\/www.vpiera.com","www.facebook.com\/vpiera\/","https:\/\/x.com\/vpierabbaa"]}]}},"_links":{"self":[{"href":"https:\/\/blog.vpiera.com\/es\/wp-json\/wp\/v2\/posts\/743","targetHints":{"allow":["GET"]}}],"collection":[{"href":"https:\/\/blog.vpiera.com\/es\/wp-json\/wp\/v2\/posts"}],"about":[{"href":"https:\/\/blog.vpiera.com\/es\/wp-json\/wp\/v2\/types\/post"}],"author":[{"embeddable":true,"href":"https:\/\/blog.vpiera.com\/es\/wp-json\/wp\/v2\/users\/2"}],"replies":[{"embeddable":true,"href":"https:\/\/blog.vpiera.com\/es\/wp-json\/wp\/v2\/comments?post=743"}],"version-history":[{"count":4,"href":"https:\/\/blog.vpiera.com\/es\/wp-json\/wp\/v2\/posts\/743\/revisions"}],"predecessor-version":[{"id":893,"href":"https:\/\/blog.vpiera.com\/es\/wp-json\/wp\/v2\/posts\/743\/revisions\/893"}],"wp:featuredmedia":[{"embeddable":true,"href":"https:\/\/blog.vpiera.com\/es\/wp-json\/wp\/v2\/media\/745"}],"wp:attachment":[{"href":"https:\/\/blog.vpiera.com\/es\/wp-json\/wp\/v2\/media?parent=743"}],"wp:term":[{"taxonomy":"category","embeddable":true,"href":"https:\/\/blog.vpiera.com\/es\/wp-json\/wp\/v2\/categories?post=743"},{"taxonomy":"post_tag","embeddable":true,"href":"https:\/\/blog.vpiera.com\/es\/wp-json\/wp\/v2\/tags?post=743"}],"curies":[{"name":"wp","href":"https:\/\/api.w.org\/{rel}","templated":true}]}}