 {"id":671,"date":"2016-05-18T11:35:59","date_gmt":"2016-05-18T10:35:59","guid":{"rendered":"https:\/\/blog.vpiera.com\/es\/?p=671"},"modified":"2022-03-23T18:18:26","modified_gmt":"2022-03-23T17:18:26","slug":"material-escolar-by-caran-dache","status":"publish","type":"post","link":"https:\/\/blog.vpiera.com\/es\/material-escolar-by-caran-dache\/","title":{"rendered":"SCHOOL LINE: MATERIAL ESCOLAR BY CARAN D&#8217;ACHE"},"content":{"rendered":"<p class=\"p1\"><span class=\"s1\"><b>SCHOOL LINE CARAN D\u2019ACHE<\/b><\/span><\/p>\n<p class=\"p2\"><span class=\"s1\">Hoy os vamos a hablar de la <a href=\"https:\/\/www.vpiera.com\/es\/producte:Cos\/1\/papeleria\/escolar\/lapices\/caran-d-ache-caja-metalic\/77322\" target=\"_blank\" rel=\"noopener\"><strong>School Line<\/strong><\/a> de <strong><a href=\"https:\/\/www.vpiera.com\/es\/cerca:Cos\/0\/busqueda\/keyw\/%5E%5Edescripci%C3%B3n%5E%5ECARAN%20D'ACHE\" target=\"_blank\" rel=\"noopener\">Caran d\u2019Ache<\/a><\/strong>, una l\u00ednea de material escolar desarrollada y fabricada en Suiza, en los talleres que <strong><a href=\"https:\/\/www.vpiera.com\/es\/cerca:Cos\/0\/busqueda\/keyw\/%5E%5Edescripci%C3%B3n%5E%5ECARAN%20D'ACHE\" target=\"_blank\" rel=\"noopener\">Caran d\u2019Ache<\/a><\/strong> posee en Ginebra. Este hecho garantiza la calidad excepcional, la fiabilidad y la extrema resistencia de sus productos.<\/span><\/p>\n<p class=\"p3\"><span class=\"s1\">Todos los art\u00edculos que <strong><a href=\"https:\/\/www.vpiera.com\/es\/cerca:Cos\/0\/busqueda\/keyw\/%5E%5Edescripci%C3%B3n%5E%5ECARAN%20D'ACHE\" target=\"_blank\" rel=\"noopener\">Caran d\u2019Ache<\/a><\/strong> destina a los escolares y a los estudiantes est\u00e1n sujetos a la norma europea EN71 sobre la Seguridad de los juguetes, por lo que respetan la legislaci\u00f3n Suiza e internacional.<\/span><\/p>\n<p class=\"p2\"><span class=\"s1\">La l\u00ednea <strong><a href=\"https:\/\/www.vpiera.com\/es\/producte:Cos\/1\/papeleria\/escolar\/ceras\/caran-d-ache-caja-15-cera\/77319\" target=\"_blank\" rel=\"noopener\">School Line<\/a><\/strong> se caracteriza por presentar un \u201c<a href=\"https:\/\/www.vpiera.com\/es\/producte:Cos\/1\/papeleria\/escolar\/lapices\/caran-d-ache-caja-metalic\/77321\" target=\"_blank\" rel=\"noopener\">packaging<\/a>\u201d de sus productos dise\u00f1ado con dibujos referentes a Suiza, motivos deportivos, callejeros o musicales, lo que les da un toque alegre, divertido y juvenil.<\/span><\/p>\n<p class=\"p2\"><span class=\"s1\">&nbsp;<a href=\"https:\/\/www.vpiera.com\/es\/producte:Cos\/1\/papeleria\/escolar\/lapices\/caran-d-ache-caja-metalic\/77321\" target=\"_blank\" rel=\"noopener\"><img loading=\"lazy\" decoding=\"async\" class=\"alignnone wp-image-672 size-medium\" src=\"https:\/\/blog.vpiera.com\/es\/wp-content\/uploads\/sites\/2\/2016\/05\/Captura-de-pantalla-2016-05-18-a-las-11.00.08-232x300.png\" alt=\"Captura de pantalla 2016-05-18 a las 11.00.08\" width=\"232\" height=\"300\" srcset=\"https:\/\/blog.vpiera.com\/es\/wp-content\/uploads\/sites\/2\/2016\/05\/Captura-de-pantalla-2016-05-18-a-las-11.00.08-232x300.png 232w, https:\/\/blog.vpiera.com\/es\/wp-content\/uploads\/sites\/2\/2016\/05\/Captura-de-pantalla-2016-05-18-a-las-11.00.08.png 631w\" sizes=\"auto, (max-width: 232px) 100vw, 232px\" \/><\/a><\/span><\/p>\n<p class=\"p3\"><span class=\"s1\">Dentro de la gama <a href=\"https:\/\/www.vpiera.com\/es\/producte:Cos\/1\/papeleria\/escolar\/lapices\/caran-d-ache-caja-carton-\/77324\" target=\"_blank\" rel=\"noopener\">School Line<\/a>, <strong><a href=\"https:\/\/www.vpiera.com\/es\/cerca:Cos\/0\/busqueda\/keyw\/%5E%5Edescripci%C3%B3n%5E%5ECARAN%20D'ACHE\" target=\"_blank\" rel=\"noopener\">Caran d\u2019Ache<\/a><\/strong> engloba:<\/span><\/p>\n<p class=\"p2\"><strong><a href=\"https:\/\/www.vpiera.com\/es\/producte:Cos\/1\/papeleria\/escolar\/lapices\/caran-d-ache-caja-carton-\/77325\" target=\"_blank\" rel=\"noopener\"><span class=\"s1\">L\u00e1pices de colores acuarelables<\/span><\/a><\/strong><\/p>\n<p class=\"p3\"><strong><a href=\"https:\/\/www.vpiera.com\/es\/producte:Cos\/1\/papeleria\/escolar\/lapices\/caran-d-ache-caja-carton-\/77327\" target=\"_blank\" rel=\"noopener\"><span class=\"s1\">L\u00e1pices de colores permanentes<\/span><\/a><\/strong><\/p>\n<p class=\"p3\"><strong><a href=\"https:\/\/www.vpiera.com\/es\/producte:Cos\/1\/papeleria\/escolar\/tempera\/caran-d-ache-caja-13-past\/77320\" target=\"_blank\" rel=\"noopener\"><span class=\"s1\">Gouache en pastillas<\/span><\/a><\/strong><\/p>\n<p class=\"p3\"><strong><a href=\"https:\/\/www.vpiera.com\/es\/producte:Cos\/1\/papeleria\/escolar\/ceras\/caran-d-ache-caja-15-cera\/77319\" target=\"_blank\" rel=\"noopener\"><span class=\"s1\">Ceras acuarelables<\/span><\/a><\/strong><\/p>\n<p class=\"p3\"><strong><a href=\"https:\/\/www.vpiera.com\/es\/producte:Cos\/1\/papeleria\/escolar\/ceras\/caran-d-ache-caja-15-cera\/77317\" target=\"_blank\" rel=\"noopener\"><span class=\"s1\">Ceras permanentes<\/span><\/a><\/strong><\/p>\n<p class=\"p3\"><a href=\"https:\/\/www.vpiera.com\/es\/producte:Cos\/1\/bellas-artes\/rotulador\/caran-d-ache\/set-con-10-rotuladores-ac\/77314\" target=\"_blank\" rel=\"noopener\"><strong><span class=\"s1\">Rotuladores solubles en agua<\/span><\/strong><\/a><\/p>\n<p class=\"p3\"><strong><a href=\"https:\/\/www.vpiera.com\/es\/producte:Cos\/1\/bellas-artes\/lapices-grafito\/grafito-sets\/blister-4-lapices-de-graf\/77313\" target=\"_blank\" rel=\"noopener\"><span class=\"s1\">Blisters con l\u00e1pices de grafito<\/span><\/a><\/strong><\/p>\n<p class=\"p3\"><span class=\"s1\">Blisters con l\u00e1pices marcadores fluorescentes<\/span><\/p>\n<p class=\"p2\"><a href=\"https:\/\/www.vpiera.com\/es\/producte:Cos\/1\/papeleria\/escolar\/lapices\/caran-d-ache-caja-carton-\/77325\" target=\"_blank\" rel=\"noopener\"><span class=\"s1\"><b>L\u00e1pices de colores acuarelables<\/b><\/span><\/a><\/p>\n<p class=\"p2\"><span class=\"s1\">Son l\u00e1pices hechos con barniz a base de agua, de colores luminosos, hechos con madera de cedro con certificado FSC, <a href=\"https:\/\/www.vpiera.com\/es\/producte:Cos\/1\/papeleria\/escolar\/lapices\/caran-d-ache-caja-carton-\/77325\" target=\"_blank\" rel=\"noopener\">acuarelables<\/a>, y poseen una mina de 2,8 mm suave y resistente. Tienen un alto poder de cubrici\u00f3n y una excelente relaci\u00f3n luminosidad\/opacidad.<\/span><\/p>\n<p class=\"p2\"><span class=\"s1\">&nbsp;<a href=\"https:\/\/www.vpiera.com\/es\/producte:Cos\/1\/papeleria\/escolar\/lapices\/caran-d-ache-caja-metalic\/77321\" target=\"_blank\" rel=\"noopener\"><img loading=\"lazy\" decoding=\"async\" class=\"alignnone wp-image-673 size-medium\" src=\"https:\/\/blog.vpiera.com\/es\/wp-content\/uploads\/sites\/2\/2016\/05\/CD1290-312-300x300.jpg\" alt=\"CD1290-312\" width=\"300\" height=\"300\" srcset=\"https:\/\/blog.vpiera.com\/es\/wp-content\/uploads\/sites\/2\/2016\/05\/CD1290-312-300x300.jpg 300w, https:\/\/blog.vpiera.com\/es\/wp-content\/uploads\/sites\/2\/2016\/05\/CD1290-312-150x150.jpg 150w, https:\/\/blog.vpiera.com\/es\/wp-content\/uploads\/sites\/2\/2016\/05\/CD1290-312.jpg 600w\" sizes=\"auto, (max-width: 300px) 100vw, 300px\" \/><\/a> <a href=\"https:\/\/www.vpiera.com\/es\/producte:Cos\/1\/papeleria\/escolar\/lapices\/caran-d-ache-caja-metalic\/77322\" target=\"_blank\" rel=\"noopener\"><img loading=\"lazy\" decoding=\"async\" class=\"alignnone wp-image-674 size-medium\" src=\"https:\/\/blog.vpiera.com\/es\/wp-content\/uploads\/sites\/2\/2016\/05\/CD1290-318-300x300.jpg\" alt=\"CD1290-318\" width=\"300\" height=\"300\" srcset=\"https:\/\/blog.vpiera.com\/es\/wp-content\/uploads\/sites\/2\/2016\/05\/CD1290-318-300x300.jpg 300w, https:\/\/blog.vpiera.com\/es\/wp-content\/uploads\/sites\/2\/2016\/05\/CD1290-318-150x150.jpg 150w, https:\/\/blog.vpiera.com\/es\/wp-content\/uploads\/sites\/2\/2016\/05\/CD1290-318.jpg 600w\" sizes=\"auto, (max-width: 300px) 100vw, 300px\" \/><\/a> <a href=\"https:\/\/www.vpiera.com\/es\/producte:Cos\/1\/papeleria\/escolar\/lapices\/caran-d-ache-caja-carton-\/77323\" target=\"_blank\" rel=\"noopener\"><img loading=\"lazy\" decoding=\"async\" class=\"alignnone wp-image-675 size-medium\" src=\"https:\/\/blog.vpiera.com\/es\/wp-content\/uploads\/sites\/2\/2016\/05\/CD1290-706-300x300.jpg\" alt=\"CD1290-706\" width=\"300\" height=\"300\" srcset=\"https:\/\/blog.vpiera.com\/es\/wp-content\/uploads\/sites\/2\/2016\/05\/CD1290-706-300x300.jpg 300w, https:\/\/blog.vpiera.com\/es\/wp-content\/uploads\/sites\/2\/2016\/05\/CD1290-706-150x150.jpg 150w, https:\/\/blog.vpiera.com\/es\/wp-content\/uploads\/sites\/2\/2016\/05\/CD1290-706.jpg 600w\" sizes=\"auto, (max-width: 300px) 100vw, 300px\" \/><\/a> <a href=\"https:\/\/www.vpiera.com\/es\/producte:Cos\/1\/papeleria\/escolar\/lapices\/caran-d-ache-caja-carton-\/77324\" target=\"_blank\" rel=\"noopener\"><img loading=\"lazy\" decoding=\"async\" class=\"alignnone wp-image-676 size-medium\" src=\"https:\/\/blog.vpiera.com\/es\/wp-content\/uploads\/sites\/2\/2016\/05\/CD1290-712-300x300.jpg\" alt=\"CD1290-712\" width=\"300\" height=\"300\" srcset=\"https:\/\/blog.vpiera.com\/es\/wp-content\/uploads\/sites\/2\/2016\/05\/CD1290-712-300x300.jpg 300w, https:\/\/blog.vpiera.com\/es\/wp-content\/uploads\/sites\/2\/2016\/05\/CD1290-712-150x150.jpg 150w, https:\/\/blog.vpiera.com\/es\/wp-content\/uploads\/sites\/2\/2016\/05\/CD1290-712.jpg 600w\" sizes=\"auto, (max-width: 300px) 100vw, 300px\" \/><\/a> <a href=\"https:\/\/www.vpiera.com\/es\/producte:Cos\/1\/papeleria\/escolar\/lapices\/caran-d-ache-caja-carton-\/77324\" target=\"_blank\" rel=\"noopener\"><img loading=\"lazy\" decoding=\"async\" class=\"alignnone wp-image-677 size-medium\" src=\"https:\/\/blog.vpiera.com\/es\/wp-content\/uploads\/sites\/2\/2016\/05\/CD1290-718-300x300.jpg\" alt=\"CD1290-718\" width=\"300\" height=\"300\" srcset=\"https:\/\/blog.vpiera.com\/es\/wp-content\/uploads\/sites\/2\/2016\/05\/CD1290-718-300x300.jpg 300w, https:\/\/blog.vpiera.com\/es\/wp-content\/uploads\/sites\/2\/2016\/05\/CD1290-718-150x150.jpg 150w, https:\/\/blog.vpiera.com\/es\/wp-content\/uploads\/sites\/2\/2016\/05\/CD1290-718.jpg 600w\" sizes=\"auto, (max-width: 300px) 100vw, 300px\" \/><\/a><\/span><\/p>\n<p class=\"p2\"><span class=\"s1\">&nbsp;<\/span><\/p>\n<p class=\"p3\"><a href=\"https:\/\/www.vpiera.com\/es\/producte:Cos\/1\/papeleria\/escolar\/lapices\/caran-d-ache-caja-carton-\/77327\" target=\"_blank\" rel=\"noopener\"><span class=\"s1\"><b>L\u00e1pices de colores permanentes<\/b><\/span><\/a><\/p>\n<p class=\"p2\"><span class=\"s1\">Los diferencia de los <a href=\"https:\/\/www.vpiera.com\/es\/producte:Cos\/1\/papeleria\/escolar\/lapices\/caran-d-ache-caja-carton-\/77325\" target=\"_blank\" rel=\"noopener\">acuarelables <\/a>\u00fanicamente su efecto <a href=\"https:\/\/www.vpiera.com\/es\/producte:Cos\/1\/papeleria\/escolar\/lapices\/caran-d-ache-caja-carton-\/77327\" target=\"_blank\" rel=\"noopener\">permanente<\/a> y por tanto no acuarelable. Su calidad es id\u00e9ntica a los anteriores.<\/span><\/p>\n<p class=\"p2\"><span class=\"s1\"><a href=\"https:\/\/www.vpiera.com\/es\/producte:Cos\/1\/papeleria\/escolar\/lapices\/caran-d-ache-caja-carton-\/77326\" target=\"_blank\" rel=\"noopener\"><img loading=\"lazy\" decoding=\"async\" class=\"alignnone size-medium wp-image-678\" src=\"https:\/\/blog.vpiera.com\/es\/wp-content\/uploads\/sites\/2\/2016\/05\/CD1291-706-300x300.jpg\" alt=\"CD1291-706\" width=\"300\" height=\"300\" srcset=\"https:\/\/blog.vpiera.com\/es\/wp-content\/uploads\/sites\/2\/2016\/05\/CD1291-706-300x300.jpg 300w, https:\/\/blog.vpiera.com\/es\/wp-content\/uploads\/sites\/2\/2016\/05\/CD1291-706-150x150.jpg 150w, https:\/\/blog.vpiera.com\/es\/wp-content\/uploads\/sites\/2\/2016\/05\/CD1291-706.jpg 600w\" sizes=\"auto, (max-width: 300px) 100vw, 300px\" \/><\/a> <a href=\"https:\/\/www.vpiera.com\/es\/producte:Cos\/1\/papeleria\/escolar\/lapices\/caran-d-ache-caja-carton-\/77327\" target=\"_blank\" rel=\"noopener\"><img loading=\"lazy\" decoding=\"async\" class=\"alignnone size-medium wp-image-679\" src=\"https:\/\/blog.vpiera.com\/es\/wp-content\/uploads\/sites\/2\/2016\/05\/CD1291-712-300x300.jpg\" alt=\"CD1291-712\" width=\"300\" height=\"300\" srcset=\"https:\/\/blog.vpiera.com\/es\/wp-content\/uploads\/sites\/2\/2016\/05\/CD1291-712-300x300.jpg 300w, https:\/\/blog.vpiera.com\/es\/wp-content\/uploads\/sites\/2\/2016\/05\/CD1291-712-150x150.jpg 150w, https:\/\/blog.vpiera.com\/es\/wp-content\/uploads\/sites\/2\/2016\/05\/CD1291-712.jpg 600w\" sizes=\"auto, (max-width: 300px) 100vw, 300px\" \/><\/a><\/span><\/p>\n<p class=\"p2\"><a href=\"https:\/\/www.vpiera.com\/es\/producte:Cos\/1\/papeleria\/escolar\/tempera\/caran-d-ache-caja-13-past\/77320\" target=\"_blank\" rel=\"noopener\"><span class=\"s1\">&nbsp;<\/span><span class=\"s1\"><b>Gouache en pastillas<\/b><\/span><\/a><\/p>\n<p class=\"p2\"><span class=\"s1\">Para su utilizaci\u00f3n f\u00e1cil e inmediata. Textura de terciopelo que no se craquela, y colores muy luminosos. Su f\u00f3rmula no lleva plastificantes sino ligantes vegetales, y su modo de fabricaci\u00f3n es lento, con el secado de las pastillas al aire libre, de manera natural.<\/span><\/p>\n<p class=\"p2\"><span class=\"s1\"><a href=\"https:\/\/www.vpiera.com\/es\/producte:Cos\/1\/papeleria\/escolar\/tempera\/caran-d-ache-caja-13-past\/77320\" target=\"_blank\" rel=\"noopener\"><img loading=\"lazy\" decoding=\"async\" class=\"alignnone wp-image-680 size-medium\" src=\"https:\/\/blog.vpiera.com\/es\/wp-content\/uploads\/sites\/2\/2016\/05\/CD1000-713-300x300.jpg\" alt=\"CD1000-713\" width=\"300\" height=\"300\" srcset=\"https:\/\/blog.vpiera.com\/es\/wp-content\/uploads\/sites\/2\/2016\/05\/CD1000-713-300x300.jpg 300w, https:\/\/blog.vpiera.com\/es\/wp-content\/uploads\/sites\/2\/2016\/05\/CD1000-713-150x150.jpg 150w, https:\/\/blog.vpiera.com\/es\/wp-content\/uploads\/sites\/2\/2016\/05\/CD1000-713.jpg 600w\" sizes=\"auto, (max-width: 300px) 100vw, 300px\" \/><\/a>&nbsp;<\/span><\/p>\n<p class=\"p3\"><span class=\"s1\"><b><a href=\"https:\/\/www.vpiera.com\/es\/producte:Cos\/1\/papeleria\/escolar\/ceras\/caran-d-ache-caja-15-cera\/77319\" target=\"_blank\" rel=\"noopener\">Ceras acuarelables<\/a><a href=\"https:\/\/www.vpiera.com\/es\/producte:Cos\/1\/papeleria\/escolar\/ceras\/caran-d-ache-caja-15-cera\/77317\" target=\"_blank\" rel=\"noopener\"> y ceras permanentes<\/a><\/b><\/span><\/p>\n<p class=\"p2\"><span class=\"s1\">Las ceras Caran d\u2019Ache tienen una longitud de 52 mm y un di\u00e1metro de 8,55 mm, y pueden ser utilizadas sobre m\u00faltiples soportes como papel, cart\u00f3n, cristal, madera, piedra\u2026 Sus colores son luminosos y tienen un alto poder cubriente a la vez que una elevada resistencia al calor hasta 40\u00baC.<\/span><\/p>\n<p class=\"p2\"><span class=\"s1\"><a href=\"https:\/\/www.vpiera.com\/es\/producte:Cos\/1\/papeleria\/escolar\/ceras\/caran-d-ache-caja-10-cera\/77316\" target=\"_blank\" rel=\"noopener\"><img loading=\"lazy\" decoding=\"async\" class=\"alignnone size-medium wp-image-681\" src=\"https:\/\/blog.vpiera.com\/es\/wp-content\/uploads\/sites\/2\/2016\/05\/CD7002-710-300x300.jpg\" alt=\"CD7002-710\" width=\"300\" height=\"300\" srcset=\"https:\/\/blog.vpiera.com\/es\/wp-content\/uploads\/sites\/2\/2016\/05\/CD7002-710-300x300.jpg 300w, https:\/\/blog.vpiera.com\/es\/wp-content\/uploads\/sites\/2\/2016\/05\/CD7002-710-150x150.jpg 150w, https:\/\/blog.vpiera.com\/es\/wp-content\/uploads\/sites\/2\/2016\/05\/CD7002-710.jpg 600w\" sizes=\"auto, (max-width: 300px) 100vw, 300px\" \/><\/a> <a href=\"https:\/\/www.vpiera.com\/es\/producte:Cos\/1\/papeleria\/escolar\/ceras\/caran-d-ache-caja-15-cera\/77317\" target=\"_blank\" rel=\"noopener\"><img loading=\"lazy\" decoding=\"async\" class=\"alignnone size-medium wp-image-682\" src=\"https:\/\/blog.vpiera.com\/es\/wp-content\/uploads\/sites\/2\/2016\/05\/CD7002-715-300x300.jpg\" alt=\"CD7002-715\" width=\"300\" height=\"300\" srcset=\"https:\/\/blog.vpiera.com\/es\/wp-content\/uploads\/sites\/2\/2016\/05\/CD7002-715-300x300.jpg 300w, https:\/\/blog.vpiera.com\/es\/wp-content\/uploads\/sites\/2\/2016\/05\/CD7002-715-150x150.jpg 150w, https:\/\/blog.vpiera.com\/es\/wp-content\/uploads\/sites\/2\/2016\/05\/CD7002-715.jpg 600w\" sizes=\"auto, (max-width: 300px) 100vw, 300px\" \/><\/a> <a href=\"https:\/\/www.vpiera.com\/es\/producte:Cos\/1\/papeleria\/escolar\/ceras\/caran-d-ache-caja-10-cera\/77318\" target=\"_blank\" rel=\"noopener\"><img loading=\"lazy\" decoding=\"async\" class=\"alignnone size-medium wp-image-683\" src=\"https:\/\/blog.vpiera.com\/es\/wp-content\/uploads\/sites\/2\/2016\/05\/CD7502-710-300x300.jpg\" alt=\"CD7502-710\" width=\"300\" height=\"300\" srcset=\"https:\/\/blog.vpiera.com\/es\/wp-content\/uploads\/sites\/2\/2016\/05\/CD7502-710-300x300.jpg 300w, https:\/\/blog.vpiera.com\/es\/wp-content\/uploads\/sites\/2\/2016\/05\/CD7502-710-150x150.jpg 150w, https:\/\/blog.vpiera.com\/es\/wp-content\/uploads\/sites\/2\/2016\/05\/CD7502-710.jpg 600w\" sizes=\"auto, (max-width: 300px) 100vw, 300px\" \/><\/a> <a href=\"https:\/\/www.vpiera.com\/es\/producte:Cos\/1\/papeleria\/escolar\/ceras\/caran-d-ache-caja-15-cera\/77319\" target=\"_blank\" rel=\"noopener\"><img loading=\"lazy\" decoding=\"async\" class=\"alignnone size-medium wp-image-684\" src=\"https:\/\/blog.vpiera.com\/es\/wp-content\/uploads\/sites\/2\/2016\/05\/CD7502-715-300x300.jpg\" alt=\"CD7502-715\" width=\"300\" height=\"300\" srcset=\"https:\/\/blog.vpiera.com\/es\/wp-content\/uploads\/sites\/2\/2016\/05\/CD7502-715-300x300.jpg 300w, https:\/\/blog.vpiera.com\/es\/wp-content\/uploads\/sites\/2\/2016\/05\/CD7502-715-150x150.jpg 150w, https:\/\/blog.vpiera.com\/es\/wp-content\/uploads\/sites\/2\/2016\/05\/CD7502-715.jpg 600w\" sizes=\"auto, (max-width: 300px) 100vw, 300px\" \/><\/a>&nbsp;<\/span><\/p>\n<p class=\"p3\"><a href=\"https:\/\/www.vpiera.com\/es\/producte:Cos\/1\/bellas-artes\/rotulador\/caran-d-ache\/set-con-10-rotuladores-ac\/77314\" target=\"_blank\" rel=\"noopener\"><span class=\"s1\"><b>Rotuladores solubles en agua<\/b><\/span><\/a><\/p>\n<p class=\"p2\"><span class=\"s1\">Rotuladores que utilizan tintas a base de colorantes alimentarios y que son solubles al agua. Los colores son luminosos y transparentes. &nbsp;Llevan un capuch\u00f3n de seguridad ventilado para evitar el riesgo de asfixia. &nbsp;Disponibles en versi\u00f3n acuarelable.<\/span><\/p>\n<p class=\"p2\"><span class=\"s1\"><a href=\"https:\/\/www.vpiera.com\/es\/producte:Cos\/1\/bellas-artes\/rotulador\/caran-d-ache\/set-con-10-rotuladores-ac\/77314\" target=\"_blank\" rel=\"noopener\"><img loading=\"lazy\" decoding=\"async\" class=\"alignnone wp-image-685 size-medium\" src=\"https:\/\/blog.vpiera.com\/es\/wp-content\/uploads\/sites\/2\/2016\/05\/CD285-810-300x300.jpg\" alt=\"CD285-810\" width=\"300\" height=\"300\" srcset=\"https:\/\/blog.vpiera.com\/es\/wp-content\/uploads\/sites\/2\/2016\/05\/CD285-810-300x300.jpg 300w, https:\/\/blog.vpiera.com\/es\/wp-content\/uploads\/sites\/2\/2016\/05\/CD285-810-150x150.jpg 150w, https:\/\/blog.vpiera.com\/es\/wp-content\/uploads\/sites\/2\/2016\/05\/CD285-810.jpg 600w\" sizes=\"auto, (max-width: 300px) 100vw, 300px\" \/><\/a>&nbsp;<\/span><\/p>\n<p class=\"p3\"><a href=\"https:\/\/www.vpiera.com\/es\/producte:Cos\/1\/bellas-artes\/lapices-grafito\/grafito-sets\/blister-4-lapices-de-graf\/77313\" target=\"_blank\" rel=\"noopener\"><span class=\"s1\"><b>Blister con l\u00e1pices de grafito<\/b><\/span><\/a><\/p>\n<p class=\"p2\"><span class=\"s1\">Blister con 4 l\u00e1pices de grafito (HB, 3B), muy resistentes a la rotura. Hechos con madera de cedro de primera calidad, son f\u00e1ciles de afilar y de borrar.<\/span><\/p>\n<p class=\"p2\"><span class=\"s1\"><a href=\"https:\/\/www.vpiera.com\/es\/producte:Cos\/1\/bellas-artes\/lapices-grafito\/grafito-sets\/blister-4-lapices-de-graf\/77313\" target=\"_blank\" rel=\"noopener\"><img loading=\"lazy\" decoding=\"async\" class=\"alignnone wp-image-686 size-medium\" src=\"https:\/\/blog.vpiera.com\/es\/wp-content\/uploads\/sites\/2\/2016\/05\/CD341-704-300x300.jpg\" alt=\"CD341-704\" width=\"300\" height=\"300\" srcset=\"https:\/\/blog.vpiera.com\/es\/wp-content\/uploads\/sites\/2\/2016\/05\/CD341-704-300x300.jpg 300w, https:\/\/blog.vpiera.com\/es\/wp-content\/uploads\/sites\/2\/2016\/05\/CD341-704-150x150.jpg 150w, https:\/\/blog.vpiera.com\/es\/wp-content\/uploads\/sites\/2\/2016\/05\/CD341-704.jpg 600w\" sizes=\"auto, (max-width: 300px) 100vw, 300px\" \/><\/a>&nbsp;<\/span><\/p>\n<p class=\"p3\"><a href=\"https:\/\/www.vpiera.com\/es\/producte:Cos\/1\/bellas-artes\/lapices-grafito\/grafito-sets\/blister-4-lapices-de-graf\/77313\" target=\"_blank\" rel=\"noopener\"><span class=\"s1\"><b>Blister con l\u00e1pices marcadores fluorescentes<\/b><\/span><\/a><\/p>\n<p class=\"p3\"><span class=\"s1\">Blister con dos l\u00e1pices, uno rosa fluo y otro amarillo fluo. Son marcadores ecol\u00f3gicos que no se secan y tienen un alto poder cubriente. Su mina es de 6 mm de di\u00e1metro.<\/span><\/p>\n<p class=\"p2\"><img loading=\"lazy\" decoding=\"async\" class=\"alignnone size-medium wp-image-687\" src=\"https:\/\/blog.vpiera.com\/es\/wp-content\/uploads\/sites\/2\/2016\/05\/CD491-702-300x300.jpg\" alt=\"CD491-702\" width=\"300\" height=\"300\" srcset=\"https:\/\/blog.vpiera.com\/es\/wp-content\/uploads\/sites\/2\/2016\/05\/CD491-702-300x300.jpg 300w, https:\/\/blog.vpiera.com\/es\/wp-content\/uploads\/sites\/2\/2016\/05\/CD491-702-150x150.jpg 150w, https:\/\/blog.vpiera.com\/es\/wp-content\/uploads\/sites\/2\/2016\/05\/CD491-702.jpg 600w\" sizes=\"auto, (max-width: 300px) 100vw, 300px\" \/><\/p>\n","protected":false},"excerpt":{"rendered":"<p>SCHOOL LINE CARAN D\u2019ACHE Hoy os vamos a hablar de la School Line de Caran&#8230; <a href=\"https:\/\/blog.vpiera.com\/es\/material-escolar-by-caran-dache\/\" class=\"llegirmes\">Llegir m\u00e9s -><\/a><\/p>\n","protected":false},"author":2,"featured_media":1634,"comment_status":"closed","ping_status":"open","sticky":false,"template":"","format":"standard","meta":{"footnotes":""},"categories":[55],"tags":[43],"class_list":["post-671","post","type-post","status-publish","format-standard","has-post-thumbnail","hentry","category-materiales-bellas-artes","tag-lapices-de-color","post-preview"],"yoast_head":"<!-- This site is optimized with the Yoast SEO plugin v27.3 - https:\/\/yoast.com\/product\/yoast-seo-wordpress\/ -->\n<title>SCHOOL LINE: MATERIAL ESCOLAR BY CARAN D&#039;ACHE Vicen\u00e7 Piera SL (ES) -<\/title>\n<meta name=\"description\" content=\"SCHOOL LINE CARAN D\u2019ACHE Hoy os vamos a hablar de la School Line de Caran d\u2019Ache, una l\u00ednea de material escolar desarrollada y fabricada en Suiza, en los\" \/>\n<meta name=\"robots\" content=\"index, follow, max-snippet:-1, max-image-preview:large, max-video-preview:-1\" \/>\n<link rel=\"canonical\" href=\"https:\/\/blog.vpiera.com\/es\/material-escolar-by-caran-dache\/\" \/>\n<meta property=\"og:locale\" content=\"es_ES\" \/>\n<meta property=\"og:type\" content=\"article\" \/>\n<meta property=\"og:title\" content=\"SCHOOL LINE: MATERIAL ESCOLAR BY CARAN D&#039;ACHE Vicen\u00e7 Piera SL (ES) -\" \/>\n<meta property=\"og:description\" content=\"SCHOOL LINE CARAN D\u2019ACHE Hoy os vamos a hablar de la School Line de Caran d\u2019Ache, una l\u00ednea de material escolar desarrollada y fabricada en Suiza, en los\" \/>\n<meta property=\"og:url\" content=\"https:\/\/blog.vpiera.com\/es\/material-escolar-by-caran-dache\/\" \/>\n<meta property=\"og:site_name\" content=\"Vicen\u00e7 Piera SL (ES)\" \/>\n<meta property=\"article:author\" content=\"www.facebook.com\/vpiera\/\" \/>\n<meta property=\"article:published_time\" content=\"2016-05-18T10:35:59+00:00\" \/>\n<meta property=\"article:modified_time\" content=\"2022-03-23T17:18:26+00:00\" \/>\n<meta property=\"og:image\" content=\"https:\/\/blog.vpiera.com\/es\/wp-content\/uploads\/sites\/2\/2016\/05\/cda-school.jpg\" \/>\n\t<meta property=\"og:image:width\" content=\"700\" \/>\n\t<meta property=\"og:image:height\" content=\"500\" \/>\n\t<meta property=\"og:image:type\" content=\"image\/jpeg\" \/>\n<meta name=\"author\" content=\"Vicen\u00e7 Piera S.L.\" \/>\n<meta name=\"twitter:label1\" content=\"Escrito por\" \/>\n\t<meta name=\"twitter:data1\" content=\"Vicen\u00e7 Piera S.L.\" \/>\n\t<meta name=\"twitter:label2\" content=\"Tiempo de lectura\" \/>\n\t<meta name=\"twitter:data2\" content=\"6 minutos\" \/>\n<script type=\"application\/ld+json\" class=\"yoast-schema-graph\">{\"@context\":\"https:\\\/\\\/schema.org\",\"@graph\":[{\"@type\":\"Article\",\"@id\":\"https:\\\/\\\/blog.vpiera.com\\\/es\\\/material-escolar-by-caran-dache\\\/#article\",\"isPartOf\":{\"@id\":\"https:\\\/\\\/blog.vpiera.com\\\/es\\\/material-escolar-by-caran-dache\\\/\"},\"author\":{\"name\":\"Vicen\u00e7 Piera S.L.\",\"@id\":\"https:\\\/\\\/blog.vpiera.com\\\/es\\\/#\\\/schema\\\/person\\\/9a8d3d36dc209c41d1dcf8909d04d731\"},\"headline\":\"SCHOOL LINE: MATERIAL ESCOLAR BY CARAN D&#8217;ACHE\",\"datePublished\":\"2016-05-18T10:35:59+00:00\",\"dateModified\":\"2022-03-23T17:18:26+00:00\",\"mainEntityOfPage\":{\"@id\":\"https:\\\/\\\/blog.vpiera.com\\\/es\\\/material-escolar-by-caran-dache\\\/\"},\"wordCount\":493,\"image\":{\"@id\":\"https:\\\/\\\/blog.vpiera.com\\\/es\\\/material-escolar-by-caran-dache\\\/#primaryimage\"},\"thumbnailUrl\":\"https:\\\/\\\/blog.vpiera.com\\\/es\\\/wp-content\\\/uploads\\\/sites\\\/2\\\/2016\\\/05\\\/cda-school.jpg\",\"keywords\":[\"L\u00c1PICES DE COLORES\"],\"articleSection\":[\"Materiales\"],\"inLanguage\":\"es\"},{\"@type\":\"WebPage\",\"@id\":\"https:\\\/\\\/blog.vpiera.com\\\/es\\\/material-escolar-by-caran-dache\\\/\",\"url\":\"https:\\\/\\\/blog.vpiera.com\\\/es\\\/material-escolar-by-caran-dache\\\/\",\"name\":\"SCHOOL LINE: MATERIAL ESCOLAR BY CARAN D'ACHE Vicen\u00e7 Piera SL (ES) -\",\"isPartOf\":{\"@id\":\"https:\\\/\\\/blog.vpiera.com\\\/es\\\/#website\"},\"primaryImageOfPage\":{\"@id\":\"https:\\\/\\\/blog.vpiera.com\\\/es\\\/material-escolar-by-caran-dache\\\/#primaryimage\"},\"image\":{\"@id\":\"https:\\\/\\\/blog.vpiera.com\\\/es\\\/material-escolar-by-caran-dache\\\/#primaryimage\"},\"thumbnailUrl\":\"https:\\\/\\\/blog.vpiera.com\\\/es\\\/wp-content\\\/uploads\\\/sites\\\/2\\\/2016\\\/05\\\/cda-school.jpg\",\"datePublished\":\"2016-05-18T10:35:59+00:00\",\"dateModified\":\"2022-03-23T17:18:26+00:00\",\"author\":{\"@id\":\"https:\\\/\\\/blog.vpiera.com\\\/es\\\/#\\\/schema\\\/person\\\/9a8d3d36dc209c41d1dcf8909d04d731\"},\"description\":\"SCHOOL LINE CARAN D\u2019ACHE Hoy os vamos a hablar de la School Line de Caran d\u2019Ache, una l\u00ednea de material escolar desarrollada y fabricada en Suiza, en los\",\"breadcrumb\":{\"@id\":\"https:\\\/\\\/blog.vpiera.com\\\/es\\\/material-escolar-by-caran-dache\\\/#breadcrumb\"},\"inLanguage\":\"es\",\"potentialAction\":[{\"@type\":\"ReadAction\",\"target\":[\"https:\\\/\\\/blog.vpiera.com\\\/es\\\/material-escolar-by-caran-dache\\\/\"]}]},{\"@type\":\"ImageObject\",\"inLanguage\":\"es\",\"@id\":\"https:\\\/\\\/blog.vpiera.com\\\/es\\\/material-escolar-by-caran-dache\\\/#primaryimage\",\"url\":\"https:\\\/\\\/blog.vpiera.com\\\/es\\\/wp-content\\\/uploads\\\/sites\\\/2\\\/2016\\\/05\\\/cda-school.jpg\",\"contentUrl\":\"https:\\\/\\\/blog.vpiera.com\\\/es\\\/wp-content\\\/uploads\\\/sites\\\/2\\\/2016\\\/05\\\/cda-school.jpg\",\"width\":700,\"height\":500,\"caption\":\"Material escolar Caran d'Ache\"},{\"@type\":\"BreadcrumbList\",\"@id\":\"https:\\\/\\\/blog.vpiera.com\\\/es\\\/material-escolar-by-caran-dache\\\/#breadcrumb\",\"itemListElement\":[{\"@type\":\"ListItem\",\"position\":1,\"name\":\"Portada\",\"item\":\"https:\\\/\\\/blog.vpiera.com\\\/es\\\/\"},{\"@type\":\"ListItem\",\"position\":2,\"name\":\"SCHOOL LINE: MATERIAL ESCOLAR BY CARAN D&#8217;ACHE\"}]},{\"@type\":\"WebSite\",\"@id\":\"https:\\\/\\\/blog.vpiera.com\\\/es\\\/#website\",\"url\":\"https:\\\/\\\/blog.vpiera.com\\\/es\\\/\",\"name\":\"Vicen\u00e7 Piera SL (ES)\",\"description\":\"Blog de la tienda de bellas artes Piera\",\"potentialAction\":[{\"@type\":\"SearchAction\",\"target\":{\"@type\":\"EntryPoint\",\"urlTemplate\":\"https:\\\/\\\/blog.vpiera.com\\\/es\\\/?s={search_term_string}\"},\"query-input\":{\"@type\":\"PropertyValueSpecification\",\"valueRequired\":true,\"valueName\":\"search_term_string\"}}],\"inLanguage\":\"es\"},{\"@type\":\"Person\",\"@id\":\"https:\\\/\\\/blog.vpiera.com\\\/es\\\/#\\\/schema\\\/person\\\/9a8d3d36dc209c41d1dcf8909d04d731\",\"name\":\"Vicen\u00e7 Piera S.L.\",\"image\":{\"@type\":\"ImageObject\",\"inLanguage\":\"es\",\"@id\":\"https:\\\/\\\/secure.gravatar.com\\\/avatar\\\/92010df61089d849819256e38f1504ffc05b3a144c02432128daaa8092108b44?s=96&d=blank&r=g\",\"url\":\"https:\\\/\\\/secure.gravatar.com\\\/avatar\\\/92010df61089d849819256e38f1504ffc05b3a144c02432128daaa8092108b44?s=96&d=blank&r=g\",\"contentUrl\":\"https:\\\/\\\/secure.gravatar.com\\\/avatar\\\/92010df61089d849819256e38f1504ffc05b3a144c02432128daaa8092108b44?s=96&d=blank&r=g\",\"caption\":\"Vicen\u00e7 Piera S.L.\"},\"description\":\"Bellas Artes Piera es una empresa familiar fundada en el a\u00f1o 1941, que dispone de una red de establecimientos comerciales propios. Estamos especializados en la venta de materiales para Artistas, dibujantes, ilustradores, dise\u00f1adores, creadores, arquitectos, oficinas, etc... Vendemos al detalle, al mayor y exportamos al resto del mundo. Damos servicio a particulares, profesionales, escuelas, pymes, gran empresa, organismos oficiales, Administraci\u00f3n P\u00fablica etc...\",\"sameAs\":[\"http:\\\/\\\/www.vpiera.com\",\"www.facebook.com\\\/vpiera\\\/\",\"https:\\\/\\\/x.com\\\/vpierabbaa\"]}]}<\/script>\n<!-- \/ Yoast SEO plugin. -->","yoast_head_json":{"title":"SCHOOL LINE: MATERIAL ESCOLAR BY CARAN D'ACHE Vicen\u00e7 Piera SL (ES) -","description":"SCHOOL LINE CARAN D\u2019ACHE Hoy os vamos a hablar de la School Line de Caran d\u2019Ache, una l\u00ednea de material escolar desarrollada y fabricada en Suiza, en los","robots":{"index":"index","follow":"follow","max-snippet":"max-snippet:-1","max-image-preview":"max-image-preview:large","max-video-preview":"max-video-preview:-1"},"canonical":"https:\/\/blog.vpiera.com\/es\/material-escolar-by-caran-dache\/","og_locale":"es_ES","og_type":"article","og_title":"SCHOOL LINE: MATERIAL ESCOLAR BY CARAN D'ACHE Vicen\u00e7 Piera SL (ES) -","og_description":"SCHOOL LINE CARAN D\u2019ACHE Hoy os vamos a hablar de la School Line de Caran d\u2019Ache, una l\u00ednea de material escolar desarrollada y fabricada en Suiza, en los","og_url":"https:\/\/blog.vpiera.com\/es\/material-escolar-by-caran-dache\/","og_site_name":"Vicen\u00e7 Piera SL (ES)","article_author":"www.facebook.com\/vpiera\/","article_published_time":"2016-05-18T10:35:59+00:00","article_modified_time":"2022-03-23T17:18:26+00:00","og_image":[{"width":700,"height":500,"url":"https:\/\/blog.vpiera.com\/es\/wp-content\/uploads\/sites\/2\/2016\/05\/cda-school.jpg","type":"image\/jpeg"}],"author":"Vicen\u00e7 Piera S.L.","twitter_misc":{"Escrito por":"Vicen\u00e7 Piera S.L.","Tiempo de lectura":"6 minutos"},"schema":{"@context":"https:\/\/schema.org","@graph":[{"@type":"Article","@id":"https:\/\/blog.vpiera.com\/es\/material-escolar-by-caran-dache\/#article","isPartOf":{"@id":"https:\/\/blog.vpiera.com\/es\/material-escolar-by-caran-dache\/"},"author":{"name":"Vicen\u00e7 Piera S.L.","@id":"https:\/\/blog.vpiera.com\/es\/#\/schema\/person\/9a8d3d36dc209c41d1dcf8909d04d731"},"headline":"SCHOOL LINE: MATERIAL ESCOLAR BY CARAN D&#8217;ACHE","datePublished":"2016-05-18T10:35:59+00:00","dateModified":"2022-03-23T17:18:26+00:00","mainEntityOfPage":{"@id":"https:\/\/blog.vpiera.com\/es\/material-escolar-by-caran-dache\/"},"wordCount":493,"image":{"@id":"https:\/\/blog.vpiera.com\/es\/material-escolar-by-caran-dache\/#primaryimage"},"thumbnailUrl":"https:\/\/blog.vpiera.com\/es\/wp-content\/uploads\/sites\/2\/2016\/05\/cda-school.jpg","keywords":["L\u00c1PICES DE COLORES"],"articleSection":["Materiales"],"inLanguage":"es"},{"@type":"WebPage","@id":"https:\/\/blog.vpiera.com\/es\/material-escolar-by-caran-dache\/","url":"https:\/\/blog.vpiera.com\/es\/material-escolar-by-caran-dache\/","name":"SCHOOL LINE: MATERIAL ESCOLAR BY CARAN D'ACHE Vicen\u00e7 Piera SL (ES) -","isPartOf":{"@id":"https:\/\/blog.vpiera.com\/es\/#website"},"primaryImageOfPage":{"@id":"https:\/\/blog.vpiera.com\/es\/material-escolar-by-caran-dache\/#primaryimage"},"image":{"@id":"https:\/\/blog.vpiera.com\/es\/material-escolar-by-caran-dache\/#primaryimage"},"thumbnailUrl":"https:\/\/blog.vpiera.com\/es\/wp-content\/uploads\/sites\/2\/2016\/05\/cda-school.jpg","datePublished":"2016-05-18T10:35:59+00:00","dateModified":"2022-03-23T17:18:26+00:00","author":{"@id":"https:\/\/blog.vpiera.com\/es\/#\/schema\/person\/9a8d3d36dc209c41d1dcf8909d04d731"},"description":"SCHOOL LINE CARAN D\u2019ACHE Hoy os vamos a hablar de la School Line de Caran d\u2019Ache, una l\u00ednea de material escolar desarrollada y fabricada en Suiza, en los","breadcrumb":{"@id":"https:\/\/blog.vpiera.com\/es\/material-escolar-by-caran-dache\/#breadcrumb"},"inLanguage":"es","potentialAction":[{"@type":"ReadAction","target":["https:\/\/blog.vpiera.com\/es\/material-escolar-by-caran-dache\/"]}]},{"@type":"ImageObject","inLanguage":"es","@id":"https:\/\/blog.vpiera.com\/es\/material-escolar-by-caran-dache\/#primaryimage","url":"https:\/\/blog.vpiera.com\/es\/wp-content\/uploads\/sites\/2\/2016\/05\/cda-school.jpg","contentUrl":"https:\/\/blog.vpiera.com\/es\/wp-content\/uploads\/sites\/2\/2016\/05\/cda-school.jpg","width":700,"height":500,"caption":"Material escolar Caran d'Ache"},{"@type":"BreadcrumbList","@id":"https:\/\/blog.vpiera.com\/es\/material-escolar-by-caran-dache\/#breadcrumb","itemListElement":[{"@type":"ListItem","position":1,"name":"Portada","item":"https:\/\/blog.vpiera.com\/es\/"},{"@type":"ListItem","position":2,"name":"SCHOOL LINE: MATERIAL ESCOLAR BY CARAN D&#8217;ACHE"}]},{"@type":"WebSite","@id":"https:\/\/blog.vpiera.com\/es\/#website","url":"https:\/\/blog.vpiera.com\/es\/","name":"Vicen\u00e7 Piera SL (ES)","description":"Blog de la tienda de bellas artes Piera","potentialAction":[{"@type":"SearchAction","target":{"@type":"EntryPoint","urlTemplate":"https:\/\/blog.vpiera.com\/es\/?s={search_term_string}"},"query-input":{"@type":"PropertyValueSpecification","valueRequired":true,"valueName":"search_term_string"}}],"inLanguage":"es"},{"@type":"Person","@id":"https:\/\/blog.vpiera.com\/es\/#\/schema\/person\/9a8d3d36dc209c41d1dcf8909d04d731","name":"Vicen\u00e7 Piera S.L.","image":{"@type":"ImageObject","inLanguage":"es","@id":"https:\/\/secure.gravatar.com\/avatar\/92010df61089d849819256e38f1504ffc05b3a144c02432128daaa8092108b44?s=96&d=blank&r=g","url":"https:\/\/secure.gravatar.com\/avatar\/92010df61089d849819256e38f1504ffc05b3a144c02432128daaa8092108b44?s=96&d=blank&r=g","contentUrl":"https:\/\/secure.gravatar.com\/avatar\/92010df61089d849819256e38f1504ffc05b3a144c02432128daaa8092108b44?s=96&d=blank&r=g","caption":"Vicen\u00e7 Piera S.L."},"description":"Bellas Artes Piera es una empresa familiar fundada en el a\u00f1o 1941, que dispone de una red de establecimientos comerciales propios. Estamos especializados en la venta de materiales para Artistas, dibujantes, ilustradores, dise\u00f1adores, creadores, arquitectos, oficinas, etc... Vendemos al detalle, al mayor y exportamos al resto del mundo. Damos servicio a particulares, profesionales, escuelas, pymes, gran empresa, organismos oficiales, Administraci\u00f3n P\u00fablica etc...","sameAs":["http:\/\/www.vpiera.com","www.facebook.com\/vpiera\/","https:\/\/x.com\/vpierabbaa"]}]}},"_links":{"self":[{"href":"https:\/\/blog.vpiera.com\/es\/wp-json\/wp\/v2\/posts\/671","targetHints":{"allow":["GET"]}}],"collection":[{"href":"https:\/\/blog.vpiera.com\/es\/wp-json\/wp\/v2\/posts"}],"about":[{"href":"https:\/\/blog.vpiera.com\/es\/wp-json\/wp\/v2\/types\/post"}],"author":[{"embeddable":true,"href":"https:\/\/blog.vpiera.com\/es\/wp-json\/wp\/v2\/users\/2"}],"replies":[{"embeddable":true,"href":"https:\/\/blog.vpiera.com\/es\/wp-json\/wp\/v2\/comments?post=671"}],"version-history":[{"count":4,"href":"https:\/\/blog.vpiera.com\/es\/wp-json\/wp\/v2\/posts\/671\/revisions"}],"predecessor-version":[{"id":1635,"href":"https:\/\/blog.vpiera.com\/es\/wp-json\/wp\/v2\/posts\/671\/revisions\/1635"}],"wp:featuredmedia":[{"embeddable":true,"href":"https:\/\/blog.vpiera.com\/es\/wp-json\/wp\/v2\/media\/1634"}],"wp:attachment":[{"href":"https:\/\/blog.vpiera.com\/es\/wp-json\/wp\/v2\/media?parent=671"}],"wp:term":[{"taxonomy":"category","embeddable":true,"href":"https:\/\/blog.vpiera.com\/es\/wp-json\/wp\/v2\/categories?post=671"},{"taxonomy":"post_tag","embeddable":true,"href":"https:\/\/blog.vpiera.com\/es\/wp-json\/wp\/v2\/tags?post=671"}],"curies":[{"name":"wp","href":"https:\/\/api.w.org\/{rel}","templated":true}]}}