 {"id":624,"date":"2016-04-28T15:33:23","date_gmt":"2016-04-28T14:33:23","guid":{"rendered":"https:\/\/blog.vpiera.com\/es\/?p=624"},"modified":"2022-03-23T18:27:48","modified_gmt":"2022-03-23T17:27:48","slug":"lapices-acuarelables-supracolor-soft-de-caran-dache","status":"publish","type":"post","link":"https:\/\/blog.vpiera.com\/es\/lapices-acuarelables-supracolor-soft-de-caran-dache\/","title":{"rendered":"L\u00c1PICES ACUARELABLES SUPRACOLOR SOFT DE CARAN D\u2019ACHE"},"content":{"rendered":"<p class=\"p2\"><a href=\"https:\/\/vpiera.com\/es\/caran-d-ache-supracolor-cajas\" target=\"_blank\" rel=\"noopener\"><img loading=\"lazy\" decoding=\"async\" class=\"alignnone wp-image-638 size-full\" src=\"https:\/\/blog.vpiera.com\/es\/wp-content\/uploads\/sites\/2\/2016\/04\/Img_FA_Collections_Identite_Supracolor_840x422px-840x422.jpg\" alt=\"\" width=\"840\" height=\"422\" srcset=\"https:\/\/blog.vpiera.com\/es\/wp-content\/uploads\/sites\/2\/2016\/04\/Img_FA_Collections_Identite_Supracolor_840x422px-840x422.jpg 840w, https:\/\/blog.vpiera.com\/es\/wp-content\/uploads\/sites\/2\/2016\/04\/Img_FA_Collections_Identite_Supracolor_840x422px-840x422-300x151.jpg 300w, https:\/\/blog.vpiera.com\/es\/wp-content\/uploads\/sites\/2\/2016\/04\/Img_FA_Collections_Identite_Supracolor_840x422px-840x422-768x386.jpg 768w, https:\/\/blog.vpiera.com\/es\/wp-content\/uploads\/sites\/2\/2016\/04\/Img_FA_Collections_Identite_Supracolor_840x422px-840x422-500x251.jpg 500w\" sizes=\"auto, (max-width: 840px) 100vw, 840px\" \/><\/a><\/p>\n<p class=\"p2\">Hoy en el blog os queremos hablar de los <b>LAPICES ACUARELABLES SUPRACOLOR SOFT de CARAN D\u2019ACHE<\/b>.<\/p>\n<p class=\"p2\">Se trata de <a href=\"https:\/\/vpiera.com\/es\/caran-d-ache-supracolor-cajas\" target=\"_blank\" rel=\"noopener\"><strong>l\u00e1pices de colores acuarelables<\/strong><\/a> de calidad superior para cubrir las m\u00e1s altas exigencias.<\/p>\n<p class=\"p2\"><span class=\"s1\">Para su fabricaci\u00f3n se utilizan <strong>pigmentos de gran pureza<\/strong> que aportan una gran <strong>luminosidad<\/strong> y una excelente estabilidad frente a la luz. Permiten tambi\u00e9n realizar mezclas de colores aportando uniformidad entre ellos.<\/span><\/p>\n<p class=\"p2\"><span class=\"s1\">A parte de su <strong>estabilidad a la luz<\/strong> y de aportar luminosidad, tienen un <strong>gran poder de cubrici\u00f3n<\/strong> hecho que permite economizar y los hace ideales para obras de gran formato.<\/span><\/p>\n<p class=\"p2\"><a href=\"https:\/\/www.vpiera.com\/es\/cataleg:Cos\/0\/bellas-artes\/lapiz-color\/caran-d-ache-supracolor\" target=\"_blank\" rel=\"noopener\"><img loading=\"lazy\" decoding=\"async\" class=\"alignnone wp-image-625 size-full\" src=\"https:\/\/blog.vpiera.com\/es\/wp-content\/uploads\/sites\/2\/2016\/04\/1.jpg\" alt=\"vpiera caran d'ache\" width=\"383\" height=\"105\" srcset=\"https:\/\/blog.vpiera.com\/es\/wp-content\/uploads\/sites\/2\/2016\/04\/1.jpg 383w, https:\/\/blog.vpiera.com\/es\/wp-content\/uploads\/sites\/2\/2016\/04\/1-300x82.jpg 300w\" sizes=\"auto, (max-width: 383px) 100vw, 383px\" \/><\/a><\/p>\n<p class=\"p2\"><span class=\"s1\">Estos l\u00e1pices est\u00e1n confeccionados con <strong>madera de cedro de California<\/strong> y presentan <strong>alta resistencia a la fractura<\/strong>. Sus minas, al igual que la serie Pablo, poseen una <strong>graduaci\u00f3n 6B<\/strong> para garantizar una textura y un tacto m\u00e1s dulces.<\/span><\/p>\n<p class=\"p2\"><a href=\"https:\/\/www.vpiera.com\/es\/cataleg:Cos\/0\/bellas-artes\/lapiz-color\/caran-d-ache-supracolor\" target=\"_blank\" rel=\"noopener\"><img loading=\"lazy\" decoding=\"async\" class=\"alignnone wp-image-626 size-full\" src=\"https:\/\/blog.vpiera.com\/es\/wp-content\/uploads\/sites\/2\/2016\/04\/2.jpg\" alt=\"2\" width=\"387\" height=\"114\" srcset=\"https:\/\/blog.vpiera.com\/es\/wp-content\/uploads\/sites\/2\/2016\/04\/2.jpg 387w, https:\/\/blog.vpiera.com\/es\/wp-content\/uploads\/sites\/2\/2016\/04\/2-300x88.jpg 300w\" sizes=\"auto, (max-width: 387px) 100vw, 387px\" \/><\/a><\/p>\n<p class=\"p2\"><span class=\"s1\">Son l\u00e1pices<span class=\"Apple-converted-space\">\u00a0 <\/span>que pueden ser utilizados en <strong>t\u00e9cnicas mixtas<\/strong>, y pueden ser aplicados sobre <strong>tejidos h\u00famedos<\/strong> y <strong>fijados<\/strong> posteriormente mediante<strong> planchado<\/strong> para crear nuestros propios dise\u00f1os.<\/span><\/p>\n<p class=\"p2\"><a href=\"https:\/\/www.vpiera.com\/es\/cataleg:Cos\/0\/bellas-artes\/lapiz-color\/caran-d-ache-supracolor\" target=\"_blank\" rel=\"noopener\"><img loading=\"lazy\" decoding=\"async\" class=\"alignnone wp-image-627 size-full\" src=\"https:\/\/blog.vpiera.com\/es\/wp-content\/uploads\/sites\/2\/2016\/04\/3.jpg\" alt=\"3\" width=\"384\" height=\"105\" srcset=\"https:\/\/blog.vpiera.com\/es\/wp-content\/uploads\/sites\/2\/2016\/04\/3.jpg 384w, https:\/\/blog.vpiera.com\/es\/wp-content\/uploads\/sites\/2\/2016\/04\/3-300x82.jpg 300w\" sizes=\"auto, (max-width: 384px) 100vw, 384px\" \/><\/a><\/p>\n<p class=\"p2\"><span class=\"s1\">Los colores <a href=\"https:\/\/vpiera.com\/es\/caran-d-ache-supracolor-cajas\" target=\"_blank\" rel=\"noopener\"><strong>Supracolor Soft<\/strong><\/a> ofrecen una <strong>m\u00e1xima saturaci\u00f3n de color<\/strong> y son altamente <strong>solubles en agua<\/strong>, s\u00f3lo es necesario crear una paleta de color en un papel separado, a\u00f1adir agua y utilizar un pincel para hacer las mezclas. Una vez secos tienen un efecto casi permanente que permite realizar superposiciones sin que los colores se mezclen, o se mezclen discretamente.<\/span><\/p>\n<p class=\"p2\"><span class=\"s1\">Tambi\u00e9n permiten aplicar el color directamente mediante el contacto de un pincel mojado con la mina del l\u00e1piz.<\/span><\/p>\n<p class=\"p2\"><span class=\"s1\">Es recomendable el uso del fijador en aerosol Caran d\u2019Ache sobre las obras terminadas para preservar el color y proteger de trazos provocados por los dedos, de la humedad\u2026<\/span><\/p>\n<p class=\"p2\"><span class=\"s1\">Los <a href=\"https:\/\/vpiera.com\/es\/caran-d-ache-supracolor-cajas\" target=\"_blank\" rel=\"noopener\"><strong>l\u00e1pices acuarelables Supracolor Soft<\/strong><\/a> est\u00e1n disponibles en <a href=\"https:\/\/www.vpiera.com\/es\/cataleg:Cos\/0\/bellas-artes\/lapiz-color\/caran-d-ache-supracolor---cajas\" target=\"_blank\" rel=\"noopener\"><strong>cajas<\/strong><\/a> de <strong><a href=\"https:\/\/vpiera.com\/es\/caja-metal-12-lapices-caran-d-ache-supracolor-acuarelables\" target=\"_blank\" rel=\"noopener\">12<\/a>,<a href=\"https:\/\/vpiera.com\/es\/caja-metal-18-lapices-caran-d-ache-supracolor-acuarelables\" target=\"_blank\" rel=\"noopener\"> 18<\/a>, <a href=\"https:\/\/vpiera.com\/es\/caja-metal-30-lapices-caran-d-ache-supracolor-acuarelables\" target=\"_blank\" rel=\"noopener\">30<\/a>, <\/strong>y hasta<a href=\"https:\/\/vpiera.com\/es\/caja-metal-120-lapices-caran-d-ache-supracolor-acuarelables\" target=\"_blank\" rel=\"noopener\"><strong> 120<\/strong><\/a> l\u00e1pices, con una gama de 120 colores. En<span class=\"Apple-converted-space\">\u00a0 <\/span>las<a href=\"https:\/\/www.vpiera.com\/es\/seccio:Cos\/botigues\" target=\"_blank\" rel=\"noopener\"><strong> tiendas Vicen\u00e7 Piera<\/strong><\/a> pueden adquirirse<span class=\"Apple-converted-space\">\u00a0<\/span>por unidades.<\/span><\/p>\n<p class=\"p2\"><span class=\"s1\"><a href=\"https:\/\/vpiera.com\/es\/caran-d-ache-lapices-supracolor-\" target=\"_blank\" rel=\"noopener\"><strong>Cada l\u00e1piz<\/strong><\/a> tiene forma hexagonal con un di\u00e1metro de 6,9mm y 175mm de longitud, y un di\u00e1metro de mina de 3,8mm salvo los colores oro, plata y bronce cuya mina es de 3,0mm.<\/span><\/p>\n<p class=\"p2\">Si quieres saber m\u00e1s, en nuestro <strong><a href=\"https:\/\/www.youtube.com\/watch?v=fpbL9gbxKI0\" target=\"_blank\" rel=\"noopener\">canal de you tube<\/a><\/strong> encontrar\u00e1s m\u00e1s informaci\u00f3n.<\/p>\n<p class=\"p2\"><strong><a href=\"https:\/\/www.vpiera.com\/es\/cataleg:Cos\/0\/bellas-artes\/lapiz-color\/caran-d-ache-supracolor\" target=\"_blank\" rel=\"noopener\"><span class=\"s1\">\u00a1\u00a1\u00a1A qu\u00e9 esper\u00e1is para empezar a utilizarlos!!!<\/span><\/a><\/strong><\/p>\n<p class=\"p2\"><a href=\"https:\/\/www.vpiera.com\/es\/producte:Cos\/1\/bellas-artes\/lapiz-color\/caran-d-ache-supracolor---cajas\/caja-metal-12-lapices-car\/41150\" target=\"_blank\" rel=\"noopener\"><img loading=\"lazy\" decoding=\"async\" class=\"alignnone wp-image-630 size-medium\" src=\"https:\/\/blog.vpiera.com\/es\/wp-content\/uploads\/sites\/2\/2016\/04\/3888_312-229x300.jpg\" alt=\"vpiera caran d'ache\" width=\"229\" height=\"300\" srcset=\"https:\/\/blog.vpiera.com\/es\/wp-content\/uploads\/sites\/2\/2016\/04\/3888_312-229x300.jpg 229w, https:\/\/blog.vpiera.com\/es\/wp-content\/uploads\/sites\/2\/2016\/04\/3888_312-768x1006.jpg 768w, https:\/\/blog.vpiera.com\/es\/wp-content\/uploads\/sites\/2\/2016\/04\/3888_312-782x1024.jpg 782w, https:\/\/blog.vpiera.com\/es\/wp-content\/uploads\/sites\/2\/2016\/04\/3888_312.jpg 1752w\" sizes=\"auto, (max-width: 229px) 100vw, 229px\" \/><\/a> <a href=\"https:\/\/www.vpiera.com\/es\/producte:Cos\/1\/bellas-artes\/lapiz-color\/caran-d-ache-supracolor---cajas\/caja-metal-18-lapices-car\/41149\" target=\"_blank\" rel=\"noopener\"><img loading=\"lazy\" decoding=\"async\" class=\"alignnone wp-image-631 size-medium\" src=\"https:\/\/blog.vpiera.com\/es\/wp-content\/uploads\/sites\/2\/2016\/04\/3888_318-257x300.jpg\" alt=\"3888_318\" width=\"257\" height=\"300\" srcset=\"https:\/\/blog.vpiera.com\/es\/wp-content\/uploads\/sites\/2\/2016\/04\/3888_318-257x300.jpg 257w, https:\/\/blog.vpiera.com\/es\/wp-content\/uploads\/sites\/2\/2016\/04\/3888_318-768x897.jpg 768w, https:\/\/blog.vpiera.com\/es\/wp-content\/uploads\/sites\/2\/2016\/04\/3888_318-877x1024.jpg 877w, https:\/\/blog.vpiera.com\/es\/wp-content\/uploads\/sites\/2\/2016\/04\/3888_318.jpg 2002w\" sizes=\"auto, (max-width: 257px) 100vw, 257px\" \/><\/a> <a href=\"https:\/\/www.vpiera.com\/es\/producte:Cos\/1\/bellas-artes\/lapiz-color\/caran-d-ache-supracolor---cajas\/caja-metal-30-lapices-car\/41148\" target=\"_blank\" rel=\"noopener\"><img loading=\"lazy\" decoding=\"async\" class=\"alignnone wp-image-632 size-medium\" src=\"https:\/\/blog.vpiera.com\/es\/wp-content\/uploads\/sites\/2\/2016\/04\/3888_330-300x225.jpg\" alt=\"3888_330\" width=\"300\" height=\"225\" srcset=\"https:\/\/blog.vpiera.com\/es\/wp-content\/uploads\/sites\/2\/2016\/04\/3888_330-300x225.jpg 300w, https:\/\/blog.vpiera.com\/es\/wp-content\/uploads\/sites\/2\/2016\/04\/3888_330-768x576.jpg 768w, https:\/\/blog.vpiera.com\/es\/wp-content\/uploads\/sites\/2\/2016\/04\/3888_330-1024x769.jpg 1024w, https:\/\/blog.vpiera.com\/es\/wp-content\/uploads\/sites\/2\/2016\/04\/3888_330-400x300.jpg 400w\" sizes=\"auto, (max-width: 300px) 100vw, 300px\" \/><\/a> <a href=\"https:\/\/www.vpiera.com\/es\/producte:Cos\/1\/bellas-artes\/lapiz-color\/caran-d-ache-supracolor---cajas\/caja-metal-40-lapices-car\/41147\" target=\"_blank\" rel=\"noopener\"><img loading=\"lazy\" decoding=\"async\" class=\"wp-image-633 size-medium alignnone\" src=\"https:\/\/blog.vpiera.com\/es\/wp-content\/uploads\/sites\/2\/2016\/04\/3888_340-300x181.jpg\" alt=\"3888_340\" width=\"300\" height=\"181\" srcset=\"https:\/\/blog.vpiera.com\/es\/wp-content\/uploads\/sites\/2\/2016\/04\/3888_340-300x181.jpg 300w, https:\/\/blog.vpiera.com\/es\/wp-content\/uploads\/sites\/2\/2016\/04\/3888_340-768x464.jpg 768w, https:\/\/blog.vpiera.com\/es\/wp-content\/uploads\/sites\/2\/2016\/04\/3888_340-1024x619.jpg 1024w, https:\/\/blog.vpiera.com\/es\/wp-content\/uploads\/sites\/2\/2016\/04\/3888_340-497x300.jpg 497w\" sizes=\"auto, (max-width: 300px) 100vw, 300px\" \/><\/a> <a href=\"https:\/\/www.vpiera.com\/es\/producte:Cos\/1\/bellas-artes\/lapiz-color\/caran-d-ache-supracolor---cajas\/caja-metal-80-lapices-car\/41146\" target=\"_blank\" rel=\"noopener\"><img loading=\"lazy\" decoding=\"async\" class=\"alignnone wp-image-634 size-medium\" src=\"https:\/\/blog.vpiera.com\/es\/wp-content\/uploads\/sites\/2\/2016\/04\/3888_380-300x181.jpg\" alt=\"3888_380\" width=\"300\" height=\"181\" srcset=\"https:\/\/blog.vpiera.com\/es\/wp-content\/uploads\/sites\/2\/2016\/04\/3888_380-300x181.jpg 300w, https:\/\/blog.vpiera.com\/es\/wp-content\/uploads\/sites\/2\/2016\/04\/3888_380-768x464.jpg 768w, https:\/\/blog.vpiera.com\/es\/wp-content\/uploads\/sites\/2\/2016\/04\/3888_380-1024x619.jpg 1024w, https:\/\/blog.vpiera.com\/es\/wp-content\/uploads\/sites\/2\/2016\/04\/3888_380-497x300.jpg 497w\" sizes=\"auto, (max-width: 300px) 100vw, 300px\" \/><\/a> <a href=\"https:\/\/www.vpiera.com\/es\/producte:Cos\/1\/bellas-artes\/lapiz-color\/caran-d-ache-supracolor---cajas\/caja-metal-120-lapices-ca\/41145\" target=\"_blank\" rel=\"noopener\"><img loading=\"lazy\" decoding=\"async\" class=\"alignnone wp-image-635 size-medium\" src=\"https:\/\/blog.vpiera.com\/es\/wp-content\/uploads\/sites\/2\/2016\/04\/3888_420-300x181.jpg\" alt=\"3888_420\" width=\"300\" height=\"181\" srcset=\"https:\/\/blog.vpiera.com\/es\/wp-content\/uploads\/sites\/2\/2016\/04\/3888_420-300x181.jpg 300w, https:\/\/blog.vpiera.com\/es\/wp-content\/uploads\/sites\/2\/2016\/04\/3888_420-768x464.jpg 768w, https:\/\/blog.vpiera.com\/es\/wp-content\/uploads\/sites\/2\/2016\/04\/3888_420-1024x619.jpg 1024w, https:\/\/blog.vpiera.com\/es\/wp-content\/uploads\/sites\/2\/2016\/04\/3888_420-497x300.jpg 497w\" sizes=\"auto, (max-width: 300px) 100vw, 300px\" \/><\/a><\/p>\n<p class=\"p2\">\n","protected":false},"excerpt":{"rendered":"<p>Hoy en el blog os queremos hablar de los LAPICES ACUARELABLES SUPRACOLOR SOFT de CARAN&#8230; <a href=\"https:\/\/blog.vpiera.com\/es\/lapices-acuarelables-supracolor-soft-de-caran-dache\/\" class=\"llegirmes\">Llegir m\u00e9s -><\/a><\/p>\n","protected":false},"author":2,"featured_media":1636,"comment_status":"closed","ping_status":"open","sticky":false,"template":"","format":"standard","meta":{"footnotes":""},"categories":[55],"tags":[31,43],"class_list":["post-624","post","type-post","status-publish","format-standard","has-post-thumbnail","hentry","category-materiales-bellas-artes","tag-acuarelas","tag-lapices-de-color","post-preview"],"yoast_head":"<!-- This site is optimized with the Yoast SEO plugin v27.3 - https:\/\/yoast.com\/product\/yoast-seo-wordpress\/ -->\n<title>L\u00c1PICES ACUARELABLES SUPRACOLOR SOFT DE CARAN D\u2019ACHE Vicen\u00e7 Piera SL (ES) -<\/title>\n<meta name=\"description\" content=\"Hoy en el blog os queremos hablar de los LAPICES ACUARELABLES SUPRACOLOR SOFT de CARAN D\u2019ACHE. Se trata de l\u00e1pices de colores acuarelables de calidad\" \/>\n<meta name=\"robots\" content=\"index, follow, max-snippet:-1, max-image-preview:large, max-video-preview:-1\" \/>\n<link rel=\"canonical\" href=\"https:\/\/blog.vpiera.com\/es\/lapices-acuarelables-supracolor-soft-de-caran-dache\/\" \/>\n<meta property=\"og:locale\" content=\"es_ES\" \/>\n<meta property=\"og:type\" content=\"article\" \/>\n<meta property=\"og:title\" content=\"L\u00c1PICES ACUARELABLES SUPRACOLOR SOFT DE CARAN D\u2019ACHE Vicen\u00e7 Piera SL (ES) -\" \/>\n<meta property=\"og:description\" content=\"Hoy en el blog os queremos hablar de los LAPICES ACUARELABLES SUPRACOLOR SOFT de CARAN D\u2019ACHE. Se trata de l\u00e1pices de colores acuarelables de calidad\" \/>\n<meta property=\"og:url\" content=\"https:\/\/blog.vpiera.com\/es\/lapices-acuarelables-supracolor-soft-de-caran-dache\/\" \/>\n<meta property=\"og:site_name\" content=\"Vicen\u00e7 Piera SL (ES)\" \/>\n<meta property=\"article:author\" content=\"www.facebook.com\/vpiera\/\" \/>\n<meta property=\"article:published_time\" content=\"2016-04-28T14:33:23+00:00\" \/>\n<meta property=\"article:modified_time\" content=\"2022-03-23T17:27:48+00:00\" \/>\n<meta property=\"og:image\" content=\"https:\/\/blog.vpiera.com\/es\/wp-content\/uploads\/sites\/2\/2016\/04\/supracolor-1.jpg\" \/>\n\t<meta property=\"og:image:width\" content=\"700\" \/>\n\t<meta property=\"og:image:height\" content=\"500\" \/>\n\t<meta property=\"og:image:type\" content=\"image\/jpeg\" \/>\n<meta name=\"author\" content=\"Vicen\u00e7 Piera S.L.\" \/>\n<meta name=\"twitter:label1\" content=\"Escrito por\" \/>\n\t<meta name=\"twitter:data1\" content=\"Vicen\u00e7 Piera S.L.\" \/>\n\t<meta name=\"twitter:label2\" content=\"Tiempo de lectura\" \/>\n\t<meta name=\"twitter:data2\" content=\"4 minutos\" \/>\n<script type=\"application\/ld+json\" class=\"yoast-schema-graph\">{\"@context\":\"https:\\\/\\\/schema.org\",\"@graph\":[{\"@type\":\"Article\",\"@id\":\"https:\\\/\\\/blog.vpiera.com\\\/es\\\/lapices-acuarelables-supracolor-soft-de-caran-dache\\\/#article\",\"isPartOf\":{\"@id\":\"https:\\\/\\\/blog.vpiera.com\\\/es\\\/lapices-acuarelables-supracolor-soft-de-caran-dache\\\/\"},\"author\":{\"name\":\"Vicen\u00e7 Piera S.L.\",\"@id\":\"https:\\\/\\\/blog.vpiera.com\\\/es\\\/#\\\/schema\\\/person\\\/9a8d3d36dc209c41d1dcf8909d04d731\"},\"headline\":\"L\u00c1PICES ACUARELABLES SUPRACOLOR SOFT DE CARAN D\u2019ACHE\",\"datePublished\":\"2016-04-28T14:33:23+00:00\",\"dateModified\":\"2022-03-23T17:27:48+00:00\",\"mainEntityOfPage\":{\"@id\":\"https:\\\/\\\/blog.vpiera.com\\\/es\\\/lapices-acuarelables-supracolor-soft-de-caran-dache\\\/\"},\"wordCount\":387,\"image\":{\"@id\":\"https:\\\/\\\/blog.vpiera.com\\\/es\\\/lapices-acuarelables-supracolor-soft-de-caran-dache\\\/#primaryimage\"},\"thumbnailUrl\":\"https:\\\/\\\/blog.vpiera.com\\\/es\\\/wp-content\\\/uploads\\\/sites\\\/2\\\/2016\\\/04\\\/supracolor-1.jpg\",\"keywords\":[\"ACUARELAS\",\"L\u00c1PICES DE COLORES\"],\"articleSection\":[\"Materiales\"],\"inLanguage\":\"es\"},{\"@type\":\"WebPage\",\"@id\":\"https:\\\/\\\/blog.vpiera.com\\\/es\\\/lapices-acuarelables-supracolor-soft-de-caran-dache\\\/\",\"url\":\"https:\\\/\\\/blog.vpiera.com\\\/es\\\/lapices-acuarelables-supracolor-soft-de-caran-dache\\\/\",\"name\":\"L\u00c1PICES ACUARELABLES SUPRACOLOR SOFT DE CARAN D\u2019ACHE Vicen\u00e7 Piera SL (ES) -\",\"isPartOf\":{\"@id\":\"https:\\\/\\\/blog.vpiera.com\\\/es\\\/#website\"},\"primaryImageOfPage\":{\"@id\":\"https:\\\/\\\/blog.vpiera.com\\\/es\\\/lapices-acuarelables-supracolor-soft-de-caran-dache\\\/#primaryimage\"},\"image\":{\"@id\":\"https:\\\/\\\/blog.vpiera.com\\\/es\\\/lapices-acuarelables-supracolor-soft-de-caran-dache\\\/#primaryimage\"},\"thumbnailUrl\":\"https:\\\/\\\/blog.vpiera.com\\\/es\\\/wp-content\\\/uploads\\\/sites\\\/2\\\/2016\\\/04\\\/supracolor-1.jpg\",\"datePublished\":\"2016-04-28T14:33:23+00:00\",\"dateModified\":\"2022-03-23T17:27:48+00:00\",\"author\":{\"@id\":\"https:\\\/\\\/blog.vpiera.com\\\/es\\\/#\\\/schema\\\/person\\\/9a8d3d36dc209c41d1dcf8909d04d731\"},\"description\":\"Hoy en el blog os queremos hablar de los LAPICES ACUARELABLES SUPRACOLOR SOFT de CARAN D\u2019ACHE. Se trata de l\u00e1pices de colores acuarelables de calidad\",\"breadcrumb\":{\"@id\":\"https:\\\/\\\/blog.vpiera.com\\\/es\\\/lapices-acuarelables-supracolor-soft-de-caran-dache\\\/#breadcrumb\"},\"inLanguage\":\"es\",\"potentialAction\":[{\"@type\":\"ReadAction\",\"target\":[\"https:\\\/\\\/blog.vpiera.com\\\/es\\\/lapices-acuarelables-supracolor-soft-de-caran-dache\\\/\"]}]},{\"@type\":\"ImageObject\",\"inLanguage\":\"es\",\"@id\":\"https:\\\/\\\/blog.vpiera.com\\\/es\\\/lapices-acuarelables-supracolor-soft-de-caran-dache\\\/#primaryimage\",\"url\":\"https:\\\/\\\/blog.vpiera.com\\\/es\\\/wp-content\\\/uploads\\\/sites\\\/2\\\/2016\\\/04\\\/supracolor-1.jpg\",\"contentUrl\":\"https:\\\/\\\/blog.vpiera.com\\\/es\\\/wp-content\\\/uploads\\\/sites\\\/2\\\/2016\\\/04\\\/supracolor-1.jpg\",\"width\":700,\"height\":500,\"caption\":\"Supracolor Soft de Caran d'Ache\"},{\"@type\":\"BreadcrumbList\",\"@id\":\"https:\\\/\\\/blog.vpiera.com\\\/es\\\/lapices-acuarelables-supracolor-soft-de-caran-dache\\\/#breadcrumb\",\"itemListElement\":[{\"@type\":\"ListItem\",\"position\":1,\"name\":\"Portada\",\"item\":\"https:\\\/\\\/blog.vpiera.com\\\/es\\\/\"},{\"@type\":\"ListItem\",\"position\":2,\"name\":\"L\u00c1PICES ACUARELABLES SUPRACOLOR SOFT DE CARAN D\u2019ACHE\"}]},{\"@type\":\"WebSite\",\"@id\":\"https:\\\/\\\/blog.vpiera.com\\\/es\\\/#website\",\"url\":\"https:\\\/\\\/blog.vpiera.com\\\/es\\\/\",\"name\":\"Vicen\u00e7 Piera SL (ES)\",\"description\":\"Blog de la tienda de bellas artes Piera\",\"potentialAction\":[{\"@type\":\"SearchAction\",\"target\":{\"@type\":\"EntryPoint\",\"urlTemplate\":\"https:\\\/\\\/blog.vpiera.com\\\/es\\\/?s={search_term_string}\"},\"query-input\":{\"@type\":\"PropertyValueSpecification\",\"valueRequired\":true,\"valueName\":\"search_term_string\"}}],\"inLanguage\":\"es\"},{\"@type\":\"Person\",\"@id\":\"https:\\\/\\\/blog.vpiera.com\\\/es\\\/#\\\/schema\\\/person\\\/9a8d3d36dc209c41d1dcf8909d04d731\",\"name\":\"Vicen\u00e7 Piera S.L.\",\"image\":{\"@type\":\"ImageObject\",\"inLanguage\":\"es\",\"@id\":\"https:\\\/\\\/secure.gravatar.com\\\/avatar\\\/92010df61089d849819256e38f1504ffc05b3a144c02432128daaa8092108b44?s=96&d=blank&r=g\",\"url\":\"https:\\\/\\\/secure.gravatar.com\\\/avatar\\\/92010df61089d849819256e38f1504ffc05b3a144c02432128daaa8092108b44?s=96&d=blank&r=g\",\"contentUrl\":\"https:\\\/\\\/secure.gravatar.com\\\/avatar\\\/92010df61089d849819256e38f1504ffc05b3a144c02432128daaa8092108b44?s=96&d=blank&r=g\",\"caption\":\"Vicen\u00e7 Piera S.L.\"},\"description\":\"Bellas Artes Piera es una empresa familiar fundada en el a\u00f1o 1941, que dispone de una red de establecimientos comerciales propios. Estamos especializados en la venta de materiales para Artistas, dibujantes, ilustradores, dise\u00f1adores, creadores, arquitectos, oficinas, etc... Vendemos al detalle, al mayor y exportamos al resto del mundo. Damos servicio a particulares, profesionales, escuelas, pymes, gran empresa, organismos oficiales, Administraci\u00f3n P\u00fablica etc...\",\"sameAs\":[\"http:\\\/\\\/www.vpiera.com\",\"www.facebook.com\\\/vpiera\\\/\",\"https:\\\/\\\/x.com\\\/vpierabbaa\"]}]}<\/script>\n<!-- \/ Yoast SEO plugin. -->","yoast_head_json":{"title":"L\u00c1PICES ACUARELABLES SUPRACOLOR SOFT DE CARAN D\u2019ACHE Vicen\u00e7 Piera SL (ES) -","description":"Hoy en el blog os queremos hablar de los LAPICES ACUARELABLES SUPRACOLOR SOFT de CARAN D\u2019ACHE. Se trata de l\u00e1pices de colores acuarelables de calidad","robots":{"index":"index","follow":"follow","max-snippet":"max-snippet:-1","max-image-preview":"max-image-preview:large","max-video-preview":"max-video-preview:-1"},"canonical":"https:\/\/blog.vpiera.com\/es\/lapices-acuarelables-supracolor-soft-de-caran-dache\/","og_locale":"es_ES","og_type":"article","og_title":"L\u00c1PICES ACUARELABLES SUPRACOLOR SOFT DE CARAN D\u2019ACHE Vicen\u00e7 Piera SL (ES) -","og_description":"Hoy en el blog os queremos hablar de los LAPICES ACUARELABLES SUPRACOLOR SOFT de CARAN D\u2019ACHE. Se trata de l\u00e1pices de colores acuarelables de calidad","og_url":"https:\/\/blog.vpiera.com\/es\/lapices-acuarelables-supracolor-soft-de-caran-dache\/","og_site_name":"Vicen\u00e7 Piera SL (ES)","article_author":"www.facebook.com\/vpiera\/","article_published_time":"2016-04-28T14:33:23+00:00","article_modified_time":"2022-03-23T17:27:48+00:00","og_image":[{"width":700,"height":500,"url":"https:\/\/blog.vpiera.com\/es\/wp-content\/uploads\/sites\/2\/2016\/04\/supracolor-1.jpg","type":"image\/jpeg"}],"author":"Vicen\u00e7 Piera S.L.","twitter_misc":{"Escrito por":"Vicen\u00e7 Piera S.L.","Tiempo de lectura":"4 minutos"},"schema":{"@context":"https:\/\/schema.org","@graph":[{"@type":"Article","@id":"https:\/\/blog.vpiera.com\/es\/lapices-acuarelables-supracolor-soft-de-caran-dache\/#article","isPartOf":{"@id":"https:\/\/blog.vpiera.com\/es\/lapices-acuarelables-supracolor-soft-de-caran-dache\/"},"author":{"name":"Vicen\u00e7 Piera S.L.","@id":"https:\/\/blog.vpiera.com\/es\/#\/schema\/person\/9a8d3d36dc209c41d1dcf8909d04d731"},"headline":"L\u00c1PICES ACUARELABLES SUPRACOLOR SOFT DE CARAN D\u2019ACHE","datePublished":"2016-04-28T14:33:23+00:00","dateModified":"2022-03-23T17:27:48+00:00","mainEntityOfPage":{"@id":"https:\/\/blog.vpiera.com\/es\/lapices-acuarelables-supracolor-soft-de-caran-dache\/"},"wordCount":387,"image":{"@id":"https:\/\/blog.vpiera.com\/es\/lapices-acuarelables-supracolor-soft-de-caran-dache\/#primaryimage"},"thumbnailUrl":"https:\/\/blog.vpiera.com\/es\/wp-content\/uploads\/sites\/2\/2016\/04\/supracolor-1.jpg","keywords":["ACUARELAS","L\u00c1PICES DE COLORES"],"articleSection":["Materiales"],"inLanguage":"es"},{"@type":"WebPage","@id":"https:\/\/blog.vpiera.com\/es\/lapices-acuarelables-supracolor-soft-de-caran-dache\/","url":"https:\/\/blog.vpiera.com\/es\/lapices-acuarelables-supracolor-soft-de-caran-dache\/","name":"L\u00c1PICES ACUARELABLES SUPRACOLOR SOFT DE CARAN D\u2019ACHE Vicen\u00e7 Piera SL (ES) -","isPartOf":{"@id":"https:\/\/blog.vpiera.com\/es\/#website"},"primaryImageOfPage":{"@id":"https:\/\/blog.vpiera.com\/es\/lapices-acuarelables-supracolor-soft-de-caran-dache\/#primaryimage"},"image":{"@id":"https:\/\/blog.vpiera.com\/es\/lapices-acuarelables-supracolor-soft-de-caran-dache\/#primaryimage"},"thumbnailUrl":"https:\/\/blog.vpiera.com\/es\/wp-content\/uploads\/sites\/2\/2016\/04\/supracolor-1.jpg","datePublished":"2016-04-28T14:33:23+00:00","dateModified":"2022-03-23T17:27:48+00:00","author":{"@id":"https:\/\/blog.vpiera.com\/es\/#\/schema\/person\/9a8d3d36dc209c41d1dcf8909d04d731"},"description":"Hoy en el blog os queremos hablar de los LAPICES ACUARELABLES SUPRACOLOR SOFT de CARAN D\u2019ACHE. Se trata de l\u00e1pices de colores acuarelables de calidad","breadcrumb":{"@id":"https:\/\/blog.vpiera.com\/es\/lapices-acuarelables-supracolor-soft-de-caran-dache\/#breadcrumb"},"inLanguage":"es","potentialAction":[{"@type":"ReadAction","target":["https:\/\/blog.vpiera.com\/es\/lapices-acuarelables-supracolor-soft-de-caran-dache\/"]}]},{"@type":"ImageObject","inLanguage":"es","@id":"https:\/\/blog.vpiera.com\/es\/lapices-acuarelables-supracolor-soft-de-caran-dache\/#primaryimage","url":"https:\/\/blog.vpiera.com\/es\/wp-content\/uploads\/sites\/2\/2016\/04\/supracolor-1.jpg","contentUrl":"https:\/\/blog.vpiera.com\/es\/wp-content\/uploads\/sites\/2\/2016\/04\/supracolor-1.jpg","width":700,"height":500,"caption":"Supracolor Soft de Caran d'Ache"},{"@type":"BreadcrumbList","@id":"https:\/\/blog.vpiera.com\/es\/lapices-acuarelables-supracolor-soft-de-caran-dache\/#breadcrumb","itemListElement":[{"@type":"ListItem","position":1,"name":"Portada","item":"https:\/\/blog.vpiera.com\/es\/"},{"@type":"ListItem","position":2,"name":"L\u00c1PICES ACUARELABLES SUPRACOLOR SOFT DE CARAN D\u2019ACHE"}]},{"@type":"WebSite","@id":"https:\/\/blog.vpiera.com\/es\/#website","url":"https:\/\/blog.vpiera.com\/es\/","name":"Vicen\u00e7 Piera SL (ES)","description":"Blog de la tienda de bellas artes Piera","potentialAction":[{"@type":"SearchAction","target":{"@type":"EntryPoint","urlTemplate":"https:\/\/blog.vpiera.com\/es\/?s={search_term_string}"},"query-input":{"@type":"PropertyValueSpecification","valueRequired":true,"valueName":"search_term_string"}}],"inLanguage":"es"},{"@type":"Person","@id":"https:\/\/blog.vpiera.com\/es\/#\/schema\/person\/9a8d3d36dc209c41d1dcf8909d04d731","name":"Vicen\u00e7 Piera S.L.","image":{"@type":"ImageObject","inLanguage":"es","@id":"https:\/\/secure.gravatar.com\/avatar\/92010df61089d849819256e38f1504ffc05b3a144c02432128daaa8092108b44?s=96&d=blank&r=g","url":"https:\/\/secure.gravatar.com\/avatar\/92010df61089d849819256e38f1504ffc05b3a144c02432128daaa8092108b44?s=96&d=blank&r=g","contentUrl":"https:\/\/secure.gravatar.com\/avatar\/92010df61089d849819256e38f1504ffc05b3a144c02432128daaa8092108b44?s=96&d=blank&r=g","caption":"Vicen\u00e7 Piera S.L."},"description":"Bellas Artes Piera es una empresa familiar fundada en el a\u00f1o 1941, que dispone de una red de establecimientos comerciales propios. Estamos especializados en la venta de materiales para Artistas, dibujantes, ilustradores, dise\u00f1adores, creadores, arquitectos, oficinas, etc... Vendemos al detalle, al mayor y exportamos al resto del mundo. Damos servicio a particulares, profesionales, escuelas, pymes, gran empresa, organismos oficiales, Administraci\u00f3n P\u00fablica etc...","sameAs":["http:\/\/www.vpiera.com","www.facebook.com\/vpiera\/","https:\/\/x.com\/vpierabbaa"]}]}},"_links":{"self":[{"href":"https:\/\/blog.vpiera.com\/es\/wp-json\/wp\/v2\/posts\/624","targetHints":{"allow":["GET"]}}],"collection":[{"href":"https:\/\/blog.vpiera.com\/es\/wp-json\/wp\/v2\/posts"}],"about":[{"href":"https:\/\/blog.vpiera.com\/es\/wp-json\/wp\/v2\/types\/post"}],"author":[{"embeddable":true,"href":"https:\/\/blog.vpiera.com\/es\/wp-json\/wp\/v2\/users\/2"}],"replies":[{"embeddable":true,"href":"https:\/\/blog.vpiera.com\/es\/wp-json\/wp\/v2\/comments?post=624"}],"version-history":[{"count":8,"href":"https:\/\/blog.vpiera.com\/es\/wp-json\/wp\/v2\/posts\/624\/revisions"}],"predecessor-version":[{"id":1639,"href":"https:\/\/blog.vpiera.com\/es\/wp-json\/wp\/v2\/posts\/624\/revisions\/1639"}],"wp:featuredmedia":[{"embeddable":true,"href":"https:\/\/blog.vpiera.com\/es\/wp-json\/wp\/v2\/media\/1636"}],"wp:attachment":[{"href":"https:\/\/blog.vpiera.com\/es\/wp-json\/wp\/v2\/media?parent=624"}],"wp:term":[{"taxonomy":"category","embeddable":true,"href":"https:\/\/blog.vpiera.com\/es\/wp-json\/wp\/v2\/categories?post=624"},{"taxonomy":"post_tag","embeddable":true,"href":"https:\/\/blog.vpiera.com\/es\/wp-json\/wp\/v2\/tags?post=624"}],"curies":[{"name":"wp","href":"https:\/\/api.w.org\/{rel}","templated":true}]}}