 {"id":49,"date":"2014-01-13T18:14:19","date_gmt":"2014-01-13T17:14:19","guid":{"rendered":"https:\/\/blog.vpiera.com\/es\/?p=49"},"modified":"2022-04-28T16:19:17","modified_gmt":"2022-04-28T15:19:17","slug":"taller-de-enmarcacion","status":"publish","type":"post","link":"https:\/\/blog.vpiera.com\/es\/taller-de-enmarcacion\/","title":{"rendered":"ENMARCACI\u00d3N VICEN\u00c7 PIERA &#8211; VIA AUGUSTA 161"},"content":{"rendered":"<p style=\"text-align: justify\">En nuestra tienda de V\u00eda Augusta 161, disponemos de un <strong>taller<\/strong> propio de <strong>enmarcaci\u00f3n<\/strong> con las m\u00e1quinas m\u00e1s avanzadas, que junto a nuestros especialistas les podemos ofrecer una <strong>enmarcaci\u00f3n personalizada<\/strong> para cada obra.<\/p>\n\n\t\t<style type=\"text\/css\">\n\t\t\t#gallery-1 {\n\t\t\t\tmargin: auto;\n\t\t\t}\n\t\t\t#gallery-1 .gallery-item {\n\t\t\t\tfloat: left;\n\t\t\t\tmargin-top: 10px;\n\t\t\t\ttext-align: center;\n\t\t\t\twidth: 33%;\n\t\t\t}\n\t\t\t#gallery-1 img {\n\t\t\t\tborder: 2px solid #cfcfcf;\n\t\t\t}\n\t\t\t#gallery-1 .gallery-caption {\n\t\t\t\tmargin-left: 0;\n\t\t\t}\n\t\t\t\/* see gallery_shortcode() in wp-includes\/media.php *\/\n\t\t<\/style>\n\t\t<div id='gallery-1' class='gallery galleryid-49 gallery-columns-3 gallery-size-thumbnail'><dl class='gallery-item'>\n\t\t\t<dt class='gallery-icon portrait'>\n\t\t\t\t<a href='https:\/\/blog.vpiera.com\/es\/taller-de-enmarcacion\/marcs1\/'><img loading=\"lazy\" decoding=\"async\" width=\"150\" height=\"150\" src=\"https:\/\/blog.vpiera.com\/es\/wp-content\/uploads\/sites\/2\/2014\/01\/marcs1-150x150.jpg\" class=\"attachment-thumbnail size-thumbnail\" alt=\"\" \/><\/a>\n\t\t\t<\/dt><\/dl><dl class='gallery-item'>\n\t\t\t<dt class='gallery-icon portrait'>\n\t\t\t\t<a href='https:\/\/blog.vpiera.com\/es\/taller-de-enmarcacion\/enmarc2\/'><img loading=\"lazy\" decoding=\"async\" width=\"150\" height=\"150\" src=\"https:\/\/blog.vpiera.com\/es\/wp-content\/uploads\/sites\/2\/2014\/01\/enmarc2-150x150.jpg\" class=\"attachment-thumbnail size-thumbnail\" alt=\"\" \/><\/a>\n\t\t\t<\/dt><\/dl><dl class='gallery-item'>\n\t\t\t<dt class='gallery-icon landscape'>\n\t\t\t\t<a href='https:\/\/blog.vpiera.com\/es\/taller-de-enmarcacion\/enmarcacio\/'><img loading=\"lazy\" decoding=\"async\" width=\"150\" height=\"150\" src=\"https:\/\/blog.vpiera.com\/es\/wp-content\/uploads\/sites\/2\/2014\/01\/enmarcacio-150x150.jpg\" class=\"attachment-thumbnail size-thumbnail\" alt=\"\" \/><\/a>\n\t\t\t<\/dt><\/dl><br style=\"clear: both\" \/>\n\t\t<\/div>\n\n<p><!--more--><\/p>\n<p style=\"text-align: justify\"><span style=\"text-decoration: underline\">Les ofrecemos:<\/span><\/p>\n<p style=\"text-align: justify\">Un amplio abanico de molduras que se adaptan a diferentes tipos de montaje:<\/p>\n<p style=\"text-align: justify\">&#8211;&nbsp;&nbsp;&nbsp;&nbsp;&nbsp;&nbsp;&nbsp;&nbsp; Anilinas lisas te\u00f1idas de diferentes colores.<\/p>\n<p style=\"text-align: justify\">&#8211;&nbsp;&nbsp;&nbsp;&nbsp;&nbsp;&nbsp;&nbsp;&nbsp; Maderas barnizadas en diferentes tonalidades.<\/p>\n<p style=\"text-align: justify\">&#8211;&nbsp;&nbsp;&nbsp;&nbsp;&nbsp;&nbsp;&nbsp;&nbsp; Haya maciza encerada en diferentes anchuras y profundidades.<\/p>\n<p style=\"text-align: justify\">&#8211;&nbsp;&nbsp;&nbsp;&nbsp;&nbsp;&nbsp;&nbsp;&nbsp; Enmarcaje en caja con diferentes decorados.<\/p>\n<p style=\"text-align: justify\">&#8211;&nbsp;&nbsp;&nbsp;&nbsp;&nbsp;&nbsp;&nbsp;&nbsp; Diferentes calidades de chapa.<\/p>\n<p style=\"text-align: justify\">&#8211;&nbsp;&nbsp;&nbsp;&nbsp;&nbsp;&nbsp;&nbsp;&nbsp; Amplia gama de molduras doradas en hoja, bru\u00f1idas, al agua\u2026<\/p>\n<p style=\"text-align: justify\">&#8211;&nbsp;&nbsp;&nbsp;&nbsp;&nbsp;&nbsp;&nbsp;&nbsp; Platas metalizadas envejecidas.<\/p>\n<p style=\"text-align: justify\">&#8211;&nbsp;&nbsp;&nbsp;&nbsp;&nbsp;&nbsp;&nbsp;&nbsp; Molduras de fantas\u00eda<\/p>\n<p style=\"text-align: justify\">&#8211;&nbsp;&nbsp;&nbsp;&nbsp;&nbsp;&nbsp;&nbsp;&nbsp; Muestrario selecto de tallas en diferentes decorados<\/p>\n<p style=\"text-align: justify\"><span style=\"text-decoration: underline\">Tableros<\/span><\/p>\n<p style=\"text-align: justify\">&#8211;&nbsp;&nbsp;&nbsp;&nbsp;&nbsp;&nbsp;&nbsp;&nbsp; De 3 y 5 mm.<\/p>\n<p style=\"text-align: justify\">&#8211;&nbsp;&nbsp;&nbsp;&nbsp;&nbsp;&nbsp;&nbsp;&nbsp; Con planchas de 200&#215;100 y 244&#215;122 cm<\/p>\n<p style=\"text-align: justify\">&#8211;&nbsp;&nbsp;&nbsp;&nbsp;&nbsp;&nbsp;&nbsp;&nbsp; Cortes a cualquier medida.<\/p>\n<p style=\"text-align: justify\"><span style=\"text-decoration: underline\">Cristales<\/span><\/p>\n<p style=\"text-align: justify\">&#8211;&nbsp;&nbsp;&nbsp;&nbsp;&nbsp;&nbsp;&nbsp;&nbsp; Float de 2 mm transparente.<\/p>\n<p style=\"text-align: justify\">&#8211;&nbsp;&nbsp;&nbsp;&nbsp;&nbsp;&nbsp;&nbsp;&nbsp; Velglas antireflectante.<\/p>\n<p style=\"text-align: justify\">&#8211;&nbsp;&nbsp;&nbsp;&nbsp;&nbsp;&nbsp;&nbsp;&nbsp; Cristal de museo.<\/p>\n<p style=\"text-align: justify\"><span style=\"text-decoration: underline\">Espejos<\/span><\/p>\n<p style=\"text-align: justify\">&#8211;&nbsp;&nbsp;&nbsp;&nbsp;&nbsp;&nbsp;&nbsp;&nbsp; Plata luna pulida.<\/p>\n<p style=\"text-align: justify\">&#8211;&nbsp;&nbsp;&nbsp;&nbsp;&nbsp;&nbsp;&nbsp;&nbsp; Biselado a escoger.<\/p>\n<p style=\"text-align: justify\">&#8211;&nbsp;&nbsp;&nbsp;&nbsp;&nbsp;&nbsp;&nbsp;&nbsp; Enmarcados a cualquier medida.<\/p>\n<p style=\"text-align: justify\"><span style=\"text-decoration: underline\">Passepartouts<\/span><\/p>\n<p style=\"text-align: justify\">&#8211;&nbsp;&nbsp;&nbsp;&nbsp;&nbsp;&nbsp;&nbsp;&nbsp; Amplio muestrario en diferentes colores.<\/p>\n<p style=\"text-align: justify\">&#8211;&nbsp;&nbsp;&nbsp;&nbsp;&nbsp;&nbsp;&nbsp;&nbsp; Formas rectangulares, ovaladas, redondas\u2026<\/p>\n<p style=\"text-align: justify\">&#8211;&nbsp;&nbsp;&nbsp;&nbsp;&nbsp;&nbsp;&nbsp;&nbsp; Formatos con multiventanas.<\/p>\n<p style=\"text-align: justify\">&#8211;&nbsp;&nbsp;&nbsp;&nbsp;&nbsp;&nbsp;&nbsp;&nbsp; Diferentes tipos de acabados.<\/p>\n<p style=\"text-align: justify\">&#8211;&nbsp;&nbsp;&nbsp;&nbsp;&nbsp;&nbsp;&nbsp;&nbsp; Personalizados.<\/p>\n<p style=\"text-align: justify\">Todo esto con atenci\u00f3n personalizada, intentando sacar el mayor partido a la obra, dando un amplio asesoramiento.<\/p>\n","protected":false},"excerpt":{"rendered":"<p>En nuestra tienda de V\u00eda Augusta 161, disponemos de un taller propio de enmarcaci\u00f3n con&#8230; <a href=\"https:\/\/blog.vpiera.com\/es\/taller-de-enmarcacion\/\" class=\"llegirmes\">Llegir m\u00e9s -><\/a><\/p>\n","protected":false},"author":2,"featured_media":1692,"comment_status":"open","ping_status":"open","sticky":false,"template":"","format":"standard","meta":{"footnotes":""},"categories":[56],"tags":[12],"class_list":["post-49","post","type-post","status-publish","format-standard","has-post-thumbnail","hentry","category-noticias-de-bellas-artes-piera","tag-noticias","post-preview"],"yoast_head":"<!-- This site is optimized with the Yoast SEO plugin v27.3 - https:\/\/yoast.com\/product\/yoast-seo-wordpress\/ -->\n<title>ENMARCACI\u00d3N VICEN\u00c7 PIERA - VIA AUGUSTA 161 Vicen\u00e7 Piera SL (ES) -<\/title>\n<meta name=\"description\" content=\"En nuestra tienda de V\u00eda Augusta 161, disponemos de un taller propio de enmarcaci\u00f3n con las m\u00e1quinas m\u00e1s avanzadas, que junto a nuestros especialistas les\" \/>\n<meta name=\"robots\" content=\"index, follow, max-snippet:-1, max-image-preview:large, max-video-preview:-1\" \/>\n<link rel=\"canonical\" href=\"https:\/\/blog.vpiera.com\/es\/taller-de-enmarcacion\/\" \/>\n<meta property=\"og:locale\" content=\"es_ES\" \/>\n<meta property=\"og:type\" content=\"article\" \/>\n<meta property=\"og:title\" content=\"ENMARCACI\u00d3N VICEN\u00c7 PIERA - VIA AUGUSTA 161 Vicen\u00e7 Piera SL (ES) -\" \/>\n<meta property=\"og:description\" content=\"En nuestra tienda de V\u00eda Augusta 161, disponemos de un taller propio de enmarcaci\u00f3n con las m\u00e1quinas m\u00e1s avanzadas, que junto a nuestros especialistas les\" \/>\n<meta property=\"og:url\" content=\"https:\/\/blog.vpiera.com\/es\/taller-de-enmarcacion\/\" \/>\n<meta property=\"og:site_name\" content=\"Vicen\u00e7 Piera SL (ES)\" \/>\n<meta property=\"article:author\" content=\"www.facebook.com\/vpiera\/\" \/>\n<meta property=\"article:published_time\" content=\"2014-01-13T17:14:19+00:00\" \/>\n<meta property=\"article:modified_time\" content=\"2022-04-28T15:19:17+00:00\" \/>\n<meta property=\"og:image\" content=\"https:\/\/blog.vpiera.com\/es\/wp-content\/uploads\/sites\/2\/2014\/01\/enmarcar.jpg\" \/>\n\t<meta property=\"og:image:width\" content=\"700\" \/>\n\t<meta property=\"og:image:height\" content=\"500\" \/>\n\t<meta property=\"og:image:type\" content=\"image\/jpeg\" \/>\n<meta name=\"author\" content=\"Vicen\u00e7 Piera S.L.\" \/>\n<meta name=\"twitter:label1\" content=\"Escrito por\" \/>\n\t<meta name=\"twitter:data1\" content=\"Vicen\u00e7 Piera S.L.\" \/>\n\t<meta name=\"twitter:label2\" content=\"Tiempo de lectura\" \/>\n\t<meta name=\"twitter:data2\" content=\"1 minuto\" \/>\n<script type=\"application\/ld+json\" class=\"yoast-schema-graph\">{\"@context\":\"https:\\\/\\\/schema.org\",\"@graph\":[{\"@type\":\"Article\",\"@id\":\"https:\\\/\\\/blog.vpiera.com\\\/es\\\/taller-de-enmarcacion\\\/#article\",\"isPartOf\":{\"@id\":\"https:\\\/\\\/blog.vpiera.com\\\/es\\\/taller-de-enmarcacion\\\/\"},\"author\":{\"name\":\"Vicen\u00e7 Piera S.L.\",\"@id\":\"https:\\\/\\\/blog.vpiera.com\\\/es\\\/#\\\/schema\\\/person\\\/9a8d3d36dc209c41d1dcf8909d04d731\"},\"headline\":\"ENMARCACI\u00d3N VICEN\u00c7 PIERA &#8211; VIA AUGUSTA 161\",\"datePublished\":\"2014-01-13T17:14:19+00:00\",\"dateModified\":\"2022-04-28T15:19:17+00:00\",\"mainEntityOfPage\":{\"@id\":\"https:\\\/\\\/blog.vpiera.com\\\/es\\\/taller-de-enmarcacion\\\/\"},\"wordCount\":395,\"commentCount\":0,\"image\":{\"@id\":\"https:\\\/\\\/blog.vpiera.com\\\/es\\\/taller-de-enmarcacion\\\/#primaryimage\"},\"thumbnailUrl\":\"https:\\\/\\\/blog.vpiera.com\\\/es\\\/wp-content\\\/uploads\\\/sites\\\/2\\\/2014\\\/01\\\/enmarcar.jpg\",\"keywords\":[\"Vpiera Noticias\"],\"articleSection\":[\"Noticias\"],\"inLanguage\":\"es\",\"potentialAction\":[{\"@type\":\"CommentAction\",\"name\":\"Comment\",\"target\":[\"https:\\\/\\\/blog.vpiera.com\\\/es\\\/taller-de-enmarcacion\\\/#respond\"]}]},{\"@type\":\"WebPage\",\"@id\":\"https:\\\/\\\/blog.vpiera.com\\\/es\\\/taller-de-enmarcacion\\\/\",\"url\":\"https:\\\/\\\/blog.vpiera.com\\\/es\\\/taller-de-enmarcacion\\\/\",\"name\":\"ENMARCACI\u00d3N VICEN\u00c7 PIERA - VIA AUGUSTA 161 Vicen\u00e7 Piera SL (ES) -\",\"isPartOf\":{\"@id\":\"https:\\\/\\\/blog.vpiera.com\\\/es\\\/#website\"},\"primaryImageOfPage\":{\"@id\":\"https:\\\/\\\/blog.vpiera.com\\\/es\\\/taller-de-enmarcacion\\\/#primaryimage\"},\"image\":{\"@id\":\"https:\\\/\\\/blog.vpiera.com\\\/es\\\/taller-de-enmarcacion\\\/#primaryimage\"},\"thumbnailUrl\":\"https:\\\/\\\/blog.vpiera.com\\\/es\\\/wp-content\\\/uploads\\\/sites\\\/2\\\/2014\\\/01\\\/enmarcar.jpg\",\"datePublished\":\"2014-01-13T17:14:19+00:00\",\"dateModified\":\"2022-04-28T15:19:17+00:00\",\"author\":{\"@id\":\"https:\\\/\\\/blog.vpiera.com\\\/es\\\/#\\\/schema\\\/person\\\/9a8d3d36dc209c41d1dcf8909d04d731\"},\"description\":\"En nuestra tienda de V\u00eda Augusta 161, disponemos de un taller propio de enmarcaci\u00f3n con las m\u00e1quinas m\u00e1s avanzadas, que junto a nuestros especialistas les\",\"breadcrumb\":{\"@id\":\"https:\\\/\\\/blog.vpiera.com\\\/es\\\/taller-de-enmarcacion\\\/#breadcrumb\"},\"inLanguage\":\"es\",\"potentialAction\":[{\"@type\":\"ReadAction\",\"target\":[\"https:\\\/\\\/blog.vpiera.com\\\/es\\\/taller-de-enmarcacion\\\/\"]}]},{\"@type\":\"ImageObject\",\"inLanguage\":\"es\",\"@id\":\"https:\\\/\\\/blog.vpiera.com\\\/es\\\/taller-de-enmarcacion\\\/#primaryimage\",\"url\":\"https:\\\/\\\/blog.vpiera.com\\\/es\\\/wp-content\\\/uploads\\\/sites\\\/2\\\/2014\\\/01\\\/enmarcar.jpg\",\"contentUrl\":\"https:\\\/\\\/blog.vpiera.com\\\/es\\\/wp-content\\\/uploads\\\/sites\\\/2\\\/2014\\\/01\\\/enmarcar.jpg\",\"width\":700,\"height\":500,\"caption\":\"Enmarcacion en Barcelona\"},{\"@type\":\"BreadcrumbList\",\"@id\":\"https:\\\/\\\/blog.vpiera.com\\\/es\\\/taller-de-enmarcacion\\\/#breadcrumb\",\"itemListElement\":[{\"@type\":\"ListItem\",\"position\":1,\"name\":\"Portada\",\"item\":\"https:\\\/\\\/blog.vpiera.com\\\/es\\\/\"},{\"@type\":\"ListItem\",\"position\":2,\"name\":\"ENMARCACI\u00d3N VICEN\u00c7 PIERA &#8211; VIA AUGUSTA 161\"}]},{\"@type\":\"WebSite\",\"@id\":\"https:\\\/\\\/blog.vpiera.com\\\/es\\\/#website\",\"url\":\"https:\\\/\\\/blog.vpiera.com\\\/es\\\/\",\"name\":\"Vicen\u00e7 Piera SL (ES)\",\"description\":\"Blog de la tienda de bellas artes Piera\",\"potentialAction\":[{\"@type\":\"SearchAction\",\"target\":{\"@type\":\"EntryPoint\",\"urlTemplate\":\"https:\\\/\\\/blog.vpiera.com\\\/es\\\/?s={search_term_string}\"},\"query-input\":{\"@type\":\"PropertyValueSpecification\",\"valueRequired\":true,\"valueName\":\"search_term_string\"}}],\"inLanguage\":\"es\"},{\"@type\":\"Person\",\"@id\":\"https:\\\/\\\/blog.vpiera.com\\\/es\\\/#\\\/schema\\\/person\\\/9a8d3d36dc209c41d1dcf8909d04d731\",\"name\":\"Vicen\u00e7 Piera S.L.\",\"image\":{\"@type\":\"ImageObject\",\"inLanguage\":\"es\",\"@id\":\"https:\\\/\\\/secure.gravatar.com\\\/avatar\\\/92010df61089d849819256e38f1504ffc05b3a144c02432128daaa8092108b44?s=96&d=blank&r=g\",\"url\":\"https:\\\/\\\/secure.gravatar.com\\\/avatar\\\/92010df61089d849819256e38f1504ffc05b3a144c02432128daaa8092108b44?s=96&d=blank&r=g\",\"contentUrl\":\"https:\\\/\\\/secure.gravatar.com\\\/avatar\\\/92010df61089d849819256e38f1504ffc05b3a144c02432128daaa8092108b44?s=96&d=blank&r=g\",\"caption\":\"Vicen\u00e7 Piera S.L.\"},\"description\":\"Bellas Artes Piera es una empresa familiar fundada en el a\u00f1o 1941, que dispone de una red de establecimientos comerciales propios. Estamos especializados en la venta de materiales para Artistas, dibujantes, ilustradores, dise\u00f1adores, creadores, arquitectos, oficinas, etc... Vendemos al detalle, al mayor y exportamos al resto del mundo. Damos servicio a particulares, profesionales, escuelas, pymes, gran empresa, organismos oficiales, Administraci\u00f3n P\u00fablica etc...\",\"sameAs\":[\"http:\\\/\\\/www.vpiera.com\",\"www.facebook.com\\\/vpiera\\\/\",\"https:\\\/\\\/x.com\\\/vpierabbaa\"]}]}<\/script>\n<!-- \/ Yoast SEO plugin. -->","yoast_head_json":{"title":"ENMARCACI\u00d3N VICEN\u00c7 PIERA - VIA AUGUSTA 161 Vicen\u00e7 Piera SL (ES) -","description":"En nuestra tienda de V\u00eda Augusta 161, disponemos de un taller propio de enmarcaci\u00f3n con las m\u00e1quinas m\u00e1s avanzadas, que junto a nuestros especialistas les","robots":{"index":"index","follow":"follow","max-snippet":"max-snippet:-1","max-image-preview":"max-image-preview:large","max-video-preview":"max-video-preview:-1"},"canonical":"https:\/\/blog.vpiera.com\/es\/taller-de-enmarcacion\/","og_locale":"es_ES","og_type":"article","og_title":"ENMARCACI\u00d3N VICEN\u00c7 PIERA - VIA AUGUSTA 161 Vicen\u00e7 Piera SL (ES) -","og_description":"En nuestra tienda de V\u00eda Augusta 161, disponemos de un taller propio de enmarcaci\u00f3n con las m\u00e1quinas m\u00e1s avanzadas, que junto a nuestros especialistas les","og_url":"https:\/\/blog.vpiera.com\/es\/taller-de-enmarcacion\/","og_site_name":"Vicen\u00e7 Piera SL (ES)","article_author":"www.facebook.com\/vpiera\/","article_published_time":"2014-01-13T17:14:19+00:00","article_modified_time":"2022-04-28T15:19:17+00:00","og_image":[{"width":700,"height":500,"url":"https:\/\/blog.vpiera.com\/es\/wp-content\/uploads\/sites\/2\/2014\/01\/enmarcar.jpg","type":"image\/jpeg"}],"author":"Vicen\u00e7 Piera S.L.","twitter_misc":{"Escrito por":"Vicen\u00e7 Piera S.L.","Tiempo de lectura":"1 minuto"},"schema":{"@context":"https:\/\/schema.org","@graph":[{"@type":"Article","@id":"https:\/\/blog.vpiera.com\/es\/taller-de-enmarcacion\/#article","isPartOf":{"@id":"https:\/\/blog.vpiera.com\/es\/taller-de-enmarcacion\/"},"author":{"name":"Vicen\u00e7 Piera S.L.","@id":"https:\/\/blog.vpiera.com\/es\/#\/schema\/person\/9a8d3d36dc209c41d1dcf8909d04d731"},"headline":"ENMARCACI\u00d3N VICEN\u00c7 PIERA &#8211; VIA AUGUSTA 161","datePublished":"2014-01-13T17:14:19+00:00","dateModified":"2022-04-28T15:19:17+00:00","mainEntityOfPage":{"@id":"https:\/\/blog.vpiera.com\/es\/taller-de-enmarcacion\/"},"wordCount":395,"commentCount":0,"image":{"@id":"https:\/\/blog.vpiera.com\/es\/taller-de-enmarcacion\/#primaryimage"},"thumbnailUrl":"https:\/\/blog.vpiera.com\/es\/wp-content\/uploads\/sites\/2\/2014\/01\/enmarcar.jpg","keywords":["Vpiera Noticias"],"articleSection":["Noticias"],"inLanguage":"es","potentialAction":[{"@type":"CommentAction","name":"Comment","target":["https:\/\/blog.vpiera.com\/es\/taller-de-enmarcacion\/#respond"]}]},{"@type":"WebPage","@id":"https:\/\/blog.vpiera.com\/es\/taller-de-enmarcacion\/","url":"https:\/\/blog.vpiera.com\/es\/taller-de-enmarcacion\/","name":"ENMARCACI\u00d3N VICEN\u00c7 PIERA - VIA AUGUSTA 161 Vicen\u00e7 Piera SL (ES) -","isPartOf":{"@id":"https:\/\/blog.vpiera.com\/es\/#website"},"primaryImageOfPage":{"@id":"https:\/\/blog.vpiera.com\/es\/taller-de-enmarcacion\/#primaryimage"},"image":{"@id":"https:\/\/blog.vpiera.com\/es\/taller-de-enmarcacion\/#primaryimage"},"thumbnailUrl":"https:\/\/blog.vpiera.com\/es\/wp-content\/uploads\/sites\/2\/2014\/01\/enmarcar.jpg","datePublished":"2014-01-13T17:14:19+00:00","dateModified":"2022-04-28T15:19:17+00:00","author":{"@id":"https:\/\/blog.vpiera.com\/es\/#\/schema\/person\/9a8d3d36dc209c41d1dcf8909d04d731"},"description":"En nuestra tienda de V\u00eda Augusta 161, disponemos de un taller propio de enmarcaci\u00f3n con las m\u00e1quinas m\u00e1s avanzadas, que junto a nuestros especialistas les","breadcrumb":{"@id":"https:\/\/blog.vpiera.com\/es\/taller-de-enmarcacion\/#breadcrumb"},"inLanguage":"es","potentialAction":[{"@type":"ReadAction","target":["https:\/\/blog.vpiera.com\/es\/taller-de-enmarcacion\/"]}]},{"@type":"ImageObject","inLanguage":"es","@id":"https:\/\/blog.vpiera.com\/es\/taller-de-enmarcacion\/#primaryimage","url":"https:\/\/blog.vpiera.com\/es\/wp-content\/uploads\/sites\/2\/2014\/01\/enmarcar.jpg","contentUrl":"https:\/\/blog.vpiera.com\/es\/wp-content\/uploads\/sites\/2\/2014\/01\/enmarcar.jpg","width":700,"height":500,"caption":"Enmarcacion en Barcelona"},{"@type":"BreadcrumbList","@id":"https:\/\/blog.vpiera.com\/es\/taller-de-enmarcacion\/#breadcrumb","itemListElement":[{"@type":"ListItem","position":1,"name":"Portada","item":"https:\/\/blog.vpiera.com\/es\/"},{"@type":"ListItem","position":2,"name":"ENMARCACI\u00d3N VICEN\u00c7 PIERA &#8211; VIA AUGUSTA 161"}]},{"@type":"WebSite","@id":"https:\/\/blog.vpiera.com\/es\/#website","url":"https:\/\/blog.vpiera.com\/es\/","name":"Vicen\u00e7 Piera SL (ES)","description":"Blog de la tienda de bellas artes Piera","potentialAction":[{"@type":"SearchAction","target":{"@type":"EntryPoint","urlTemplate":"https:\/\/blog.vpiera.com\/es\/?s={search_term_string}"},"query-input":{"@type":"PropertyValueSpecification","valueRequired":true,"valueName":"search_term_string"}}],"inLanguage":"es"},{"@type":"Person","@id":"https:\/\/blog.vpiera.com\/es\/#\/schema\/person\/9a8d3d36dc209c41d1dcf8909d04d731","name":"Vicen\u00e7 Piera S.L.","image":{"@type":"ImageObject","inLanguage":"es","@id":"https:\/\/secure.gravatar.com\/avatar\/92010df61089d849819256e38f1504ffc05b3a144c02432128daaa8092108b44?s=96&d=blank&r=g","url":"https:\/\/secure.gravatar.com\/avatar\/92010df61089d849819256e38f1504ffc05b3a144c02432128daaa8092108b44?s=96&d=blank&r=g","contentUrl":"https:\/\/secure.gravatar.com\/avatar\/92010df61089d849819256e38f1504ffc05b3a144c02432128daaa8092108b44?s=96&d=blank&r=g","caption":"Vicen\u00e7 Piera S.L."},"description":"Bellas Artes Piera es una empresa familiar fundada en el a\u00f1o 1941, que dispone de una red de establecimientos comerciales propios. Estamos especializados en la venta de materiales para Artistas, dibujantes, ilustradores, dise\u00f1adores, creadores, arquitectos, oficinas, etc... Vendemos al detalle, al mayor y exportamos al resto del mundo. Damos servicio a particulares, profesionales, escuelas, pymes, gran empresa, organismos oficiales, Administraci\u00f3n P\u00fablica etc...","sameAs":["http:\/\/www.vpiera.com","www.facebook.com\/vpiera\/","https:\/\/x.com\/vpierabbaa"]}]}},"_links":{"self":[{"href":"https:\/\/blog.vpiera.com\/es\/wp-json\/wp\/v2\/posts\/49","targetHints":{"allow":["GET"]}}],"collection":[{"href":"https:\/\/blog.vpiera.com\/es\/wp-json\/wp\/v2\/posts"}],"about":[{"href":"https:\/\/blog.vpiera.com\/es\/wp-json\/wp\/v2\/types\/post"}],"author":[{"embeddable":true,"href":"https:\/\/blog.vpiera.com\/es\/wp-json\/wp\/v2\/users\/2"}],"replies":[{"embeddable":true,"href":"https:\/\/blog.vpiera.com\/es\/wp-json\/wp\/v2\/comments?post=49"}],"version-history":[{"count":12,"href":"https:\/\/blog.vpiera.com\/es\/wp-json\/wp\/v2\/posts\/49\/revisions"}],"predecessor-version":[{"id":1693,"href":"https:\/\/blog.vpiera.com\/es\/wp-json\/wp\/v2\/posts\/49\/revisions\/1693"}],"wp:featuredmedia":[{"embeddable":true,"href":"https:\/\/blog.vpiera.com\/es\/wp-json\/wp\/v2\/media\/1692"}],"wp:attachment":[{"href":"https:\/\/blog.vpiera.com\/es\/wp-json\/wp\/v2\/media?parent=49"}],"wp:term":[{"taxonomy":"category","embeddable":true,"href":"https:\/\/blog.vpiera.com\/es\/wp-json\/wp\/v2\/categories?post=49"},{"taxonomy":"post_tag","embeddable":true,"href":"https:\/\/blog.vpiera.com\/es\/wp-json\/wp\/v2\/tags?post=49"}],"curies":[{"name":"wp","href":"https:\/\/api.w.org\/{rel}","templated":true}]}}