 {"id":1709,"date":"2022-05-04T14:47:52","date_gmt":"2022-05-04T13:47:52","guid":{"rendered":"https:\/\/blog.vpiera.com\/es\/?p=1709"},"modified":"2022-05-04T14:52:10","modified_gmt":"2022-05-04T13:52:10","slug":"demo-de-pasteles-panpastel","status":"publish","type":"post","link":"https:\/\/blog.vpiera.com\/es\/demo-de-pasteles-panpastel\/","title":{"rendered":"Directo de Dawn Emerson con pasteles PanPastel en Barcelona."},"content":{"rendered":"\n<p class=\"has-regular-font-size\"><strong>\u00a1Una oportunidad \u00fanica de ver trabajar en directo a Dawn Emerson y aprender un mont\u00f3n de t\u00e9cnicas con PanPastel!<\/strong><\/p>\n\n\n\n<div class=\"wp-block-image is-style-default\"><figure class=\"aligncenter size-full\"><img loading=\"lazy\" decoding=\"async\" width=\"531\" height=\"691\" src=\"https:\/\/blog.vpiera.com\/es\/wp-content\/uploads\/sites\/2\/2022\/05\/IMG_5843-1.jpg\" alt=\"Dawn Emerson y los colores PanPastel\" class=\"wp-image-1711\" srcset=\"https:\/\/blog.vpiera.com\/es\/wp-content\/uploads\/sites\/2\/2022\/05\/IMG_5843-1.jpg 531w, https:\/\/blog.vpiera.com\/es\/wp-content\/uploads\/sites\/2\/2022\/05\/IMG_5843-1-231x300.jpg 231w\" sizes=\"auto, (max-width: 531px) 100vw, 531px\" \/><figcaption>Dawn Emerson en su estudio<\/figcaption><\/figure><\/div>\n\n\n\n<h3 class=\"wp-block-heading\"><strong>Los pr\u00f3ximos jueves 12 y 19 de mayo, en las tiendas de Vicen\u00e7 Piera Bellas Artes, podremos disfrutar de  <strong>la artista americana Dawn Emerson<\/strong><\/strong> pintando, en directo, con los pasteles PanPastel. <\/h3>\n\n\n\n<p>Las dos demostraciones de pasteles PanPastel ser\u00e1n: <\/p>\n\n\n\n<p class=\"has-text-align-center has-medium-gray-color has-text-color\"><strong>Jueves 12<\/strong> de mayo a las <strong>18:00h<\/strong> en la calle <strong>Corsega, 298<\/strong> de Barcelona<br><strong>Jueves 19<\/strong> de mayo a las <strong>18:00h <\/strong>en la calle <strong>Via Augusta, 161 <\/strong>de Barcelona<\/p>\n\n\n\n<p class=\"has-regular-font-size\"><strong>Dawn Emerson<\/strong> es famosa por su uso de los pasteles PanPastel con t\u00e9cnicas mixtas. Combinando los pasteles PanPastel con l\u00e1piz, \u00f3leo al agua, gouache, gesso, etc. Tal como ella misma cuenta, disfruta manipulando la textura visual, el espacio y el color, y los <strong>pasteles PanPastel<\/strong> son perfectos para eso.  <\/p>\n\n\n\n<p><strong>Con los  pasteles PanPastel, Dawn puede crear<\/strong> transparencias y degradados con poca cantidad de pigmento,  para  hacer emerger im\u00e1genes de texturas abstractas. Su pasi\u00f3n por esta t\u00e9cnica la ha llevado a tener <strong>su propio set de PanPastel<\/strong>:<br>Un set muy completo <strong>con 40 colores y sus herramientas sofft favoritas, que puedes ver y comprar <a href=\"https:\/\/vpiera.com\/es\/panpastel-set-40-colors-coleccion-dawn-emerson\" target=\"_blank\" rel=\"noreferrer noopener\">aqu\u00ed<\/a><\/strong><\/p>\n\n\n\n<div class=\"wp-block-image\"><figure class=\"aligncenter size-large is-resized\"><img loading=\"lazy\" decoding=\"async\" src=\"https:\/\/blog.vpiera.com\/es\/wp-content\/uploads\/sites\/2\/2022\/05\/Set-PanPastel-Dawn-Emerson-1-1024x612.jpg\" alt=\"Set PanPastel Dawn Emerson\" class=\"wp-image-1716\" width=\"554\" height=\"331\" srcset=\"https:\/\/blog.vpiera.com\/es\/wp-content\/uploads\/sites\/2\/2022\/05\/Set-PanPastel-Dawn-Emerson-1-1024x612.jpg 1024w, https:\/\/blog.vpiera.com\/es\/wp-content\/uploads\/sites\/2\/2022\/05\/Set-PanPastel-Dawn-Emerson-1-300x179.jpg 300w, https:\/\/blog.vpiera.com\/es\/wp-content\/uploads\/sites\/2\/2022\/05\/Set-PanPastel-Dawn-Emerson-1-768x459.jpg 768w, https:\/\/blog.vpiera.com\/es\/wp-content\/uploads\/sites\/2\/2022\/05\/Set-PanPastel-Dawn-Emerson-1-1536x918.jpg 1536w, https:\/\/blog.vpiera.com\/es\/wp-content\/uploads\/sites\/2\/2022\/05\/Set-PanPastel-Dawn-Emerson-1-676x404.jpg 676w, https:\/\/blog.vpiera.com\/es\/wp-content\/uploads\/sites\/2\/2022\/05\/Set-PanPastel-Dawn-Emerson-1.jpg 1641w\" sizes=\"auto, (max-width: 554px) 100vw, 554px\" \/><figcaption><a href=\"https:\/\/vpiera.com\/es\/panpastel-set-40-colors-coleccion-dawn-emerson\" target=\"_blank\" rel=\"noreferrer noopener\">set 40 <em>PanPastel<\/em> colecci\u00f3n Dawn Emerson<\/a><\/figcaption><\/figure><\/div>\n\n\n\n<h3 class=\"wp-block-heading\"><strong>\u00bfNo conoces los pastel <\/strong>PanPastel?  \u00a1Te lo explicamos!<\/h3>\n\n\n\n<div class=\"wp-block-media-text alignwide is-stacked-on-mobile\" style=\"grid-template-columns:23% auto\"><figure class=\"wp-block-media-text__media\"><img loading=\"lazy\" decoding=\"async\" width=\"232\" height=\"234\" src=\"https:\/\/blog.vpiera.com\/es\/wp-content\/uploads\/sites\/2\/2022\/05\/tarro-panpastel.jpg\" alt=\"Tarro de pastel PanPastel azul\" class=\"wp-image-1747 size-full\" srcset=\"https:\/\/blog.vpiera.com\/es\/wp-content\/uploads\/sites\/2\/2022\/05\/tarro-panpastel.jpg 232w, https:\/\/blog.vpiera.com\/es\/wp-content\/uploads\/sites\/2\/2022\/05\/tarro-panpastel-150x150.jpg 150w\" sizes=\"auto, (max-width: 232px) 100vw, 232px\" \/><\/figure><div class=\"wp-block-media-text__content\">\n<p class=\"has-regular-font-size\">Se trata de una versi\u00f3n redise\u00f1ada de los colores pastel de toda la vida. El PanPastel es un pastel ultrasuave altamente pigmentado, que no tiene la cl\u00e1sica forma de barrita, sino que se presenta en un nuevo y \u00fanico formato de tarro. Este formato cambia completamente la forma de usar unos pasteles. No pintaremos directamente con una barra sobre el papel como en todas las t\u00e9cnicas secas, sino que trabajaremos con esponjas, esp\u00e1tulas, dedos o otras herramientas, como en las t\u00e9cnicas h\u00famedas.<\/p>\n\n\n\n<p><strong><a href=\"https:\/\/vpiera.com\/es\/panpastel\">Encuentra y compra PASTELES PanPastel en vpiera.com<\/a><\/strong><\/p>\n<\/div><\/div>\n\n\n\n<div class=\"wp-block-media-text alignwide has-media-on-the-right is-stacked-on-mobile\" style=\"grid-template-columns:auto 27%\"><figure class=\"wp-block-media-text__media\"><img loading=\"lazy\" decoding=\"async\" width=\"858\" height=\"1024\" src=\"https:\/\/blog.vpiera.com\/es\/wp-content\/uploads\/sites\/2\/2022\/05\/PanPastel_Using_Palette_Tray2-858x1024.jpg\" alt=\"Herramientas Sofft para PanPastel\" class=\"wp-image-1743 size-full\" srcset=\"https:\/\/blog.vpiera.com\/es\/wp-content\/uploads\/sites\/2\/2022\/05\/PanPastel_Using_Palette_Tray2-858x1024.jpg 858w, https:\/\/blog.vpiera.com\/es\/wp-content\/uploads\/sites\/2\/2022\/05\/PanPastel_Using_Palette_Tray2-251x300.jpg 251w, https:\/\/blog.vpiera.com\/es\/wp-content\/uploads\/sites\/2\/2022\/05\/PanPastel_Using_Palette_Tray2-768x916.jpg 768w, https:\/\/blog.vpiera.com\/es\/wp-content\/uploads\/sites\/2\/2022\/05\/PanPastel_Using_Palette_Tray2-676x807.jpg 676w, https:\/\/blog.vpiera.com\/es\/wp-content\/uploads\/sites\/2\/2022\/05\/PanPastel_Using_Palette_Tray2.jpg 1123w\" sizes=\"auto, (max-width: 858px) 100vw, 858px\" \/><\/figure><div class=\"wp-block-media-text__content\">\n<p class=\"has-text-align-left has-regular-font-size\">Las herramientas espec\u00edficamente creadas para usar con PanPastel se llaman herramientas Sofft, se trata de esp\u00e1tulas y esponjas con una forma y tama\u00f1o perfectos para aplicar los colores PanPastel. Estos se incluyen al comprar sets de la marca, pero tambi\u00e9n se pueden adquirir por separado.<\/p>\n\n\n\n<p class=\"has-text-align-center has-regular-font-size\"><strong><a href=\"https:\/\/vpiera.com\/es\/panpastel-sofft\" target=\"_blank\" rel=\"noreferrer noopener\">Encuentra y compra  herramientas SOFFT PanPastel en vpiera.com<\/a><\/strong><\/p>\n\n\n\n<p class=\"has-text-align-center\"><strong><a href=\"https:\/\/vpiera.com\/es\/cajas-pasteles-panpastel\" target=\"_blank\" rel=\"noreferrer noopener\">Todas las CAJAS Y SETS de PanPastel en vpiera.com<\/a><\/strong><\/p>\n<\/div><\/div>\n\n\n\n<div class=\"wp-block-image\"><figure class=\"aligncenter size-full\"><img loading=\"lazy\" decoding=\"async\" width=\"1000\" height=\"324\" src=\"https:\/\/blog.vpiera.com\/es\/wp-content\/uploads\/sites\/2\/2022\/05\/PanPastel_Full_Range_Angle_View_23.jpg\" alt=\"tarros de pasteles PanPastel\" class=\"wp-image-1744\" srcset=\"https:\/\/blog.vpiera.com\/es\/wp-content\/uploads\/sites\/2\/2022\/05\/PanPastel_Full_Range_Angle_View_23.jpg 1000w, https:\/\/blog.vpiera.com\/es\/wp-content\/uploads\/sites\/2\/2022\/05\/PanPastel_Full_Range_Angle_View_23-300x97.jpg 300w, https:\/\/blog.vpiera.com\/es\/wp-content\/uploads\/sites\/2\/2022\/05\/PanPastel_Full_Range_Angle_View_23-768x249.jpg 768w, https:\/\/blog.vpiera.com\/es\/wp-content\/uploads\/sites\/2\/2022\/05\/PanPastel_Full_Range_Angle_View_23-676x219.jpg 676w\" sizes=\"auto, (max-width: 1000px) 100vw, 1000px\" \/><\/figure><\/div>\n\n\n\n<h2 class=\"wp-block-heading\">\u00a1Viendo c\u00f3mo pinta Dawn iremos m\u00e1s all\u00e1 de pintar con PanPastel! <\/h2>\n\n\n\n<p>Dawn es \u00fanica ense\u00f1ando a otros artistas a utilizar sus t\u00e9cnicas favoritas. En la demo aprenderemos a experimentar con muchos materiales para encontrar nuevas t\u00e9cnicas y texturas para poder crear trabajos expresivos, sugestivos y po\u00e9ticos. <\/p>\n\n\n\n<p>Por esto, si te gusta aprender y conocer todas la multiples posibilidades de los pasteles PanPastel, <strong>no te puedes perder las demostraciones de Dawn que tendr\u00e1n lugar en las siguientes fechas:<\/strong><\/p>\n\n\n\n<p>Jueves <strong>12 de mayo a las 18:00h<\/strong> en la calle <strong>Corsega, 298<\/strong> de Barcelona<\/p>\n\n\n\n<p>Jueves <strong>19 de mayo a las 18:00h<\/strong> en la calle <strong>Via Augusta, 161<\/strong> de Barcelona<\/p>\n\n\n\n<ul class=\"wp-block-social-links has-small-icon-size is-layout-flex wp-block-social-links-is-layout-flex\"><\/ul>\n\n\n\n<p> <\/p>\n","protected":false},"excerpt":{"rendered":"<p>Los pr\u00f3ximos jueves 12 y 19 de mayo, en las tiendas de Vicen\u00e7 Piera Bellas Artes, podremos disfrutar de  la artista americana Dawn Emerson pintando, en directo, con los pasteles PanPastel. <\/p>\n","protected":false},"author":12,"featured_media":1748,"comment_status":"open","ping_status":"open","sticky":false,"template":"","format":"standard","meta":{"footnotes":""},"categories":[56],"tags":[34,61,12],"class_list":["post-1709","post","type-post","status-publish","format-standard","has-post-thumbnail","hentry","category-noticias-de-bellas-artes-piera","tag-pasteles","tag-tecnicas-secas","tag-noticias","post-preview"],"yoast_head":"<!-- This site is optimized with the Yoast SEO plugin v27.3 - https:\/\/yoast.com\/product\/yoast-seo-wordpress\/ -->\n<title>Directo de Dawn Emerson con pasteles PanPastel en Barcelona.<\/title>\n<meta name=\"description\" content=\"Demostraci\u00f3n de pasteles PanPastel con la artista americana Dawn Emerson, en las tiendas de Vicen\u00e7 Piera el 12 y 19 de mayo 2022.\" \/>\n<meta name=\"robots\" content=\"index, follow, max-snippet:-1, max-image-preview:large, max-video-preview:-1\" \/>\n<link rel=\"canonical\" href=\"https:\/\/blog.vpiera.com\/es\/demo-de-pasteles-panpastel\/\" \/>\n<meta property=\"og:locale\" content=\"es_ES\" \/>\n<meta property=\"og:type\" content=\"article\" \/>\n<meta property=\"og:title\" content=\"Directo de Dawn Emerson con pasteles PanPastel en Barcelona.\" \/>\n<meta property=\"og:description\" content=\"Demostraci\u00f3n de pasteles PanPastel con la artista americana Dawn Emerson, en las tiendas de Vicen\u00e7 Piera el 12 y 19 de mayo 2022.\" \/>\n<meta property=\"og:url\" content=\"https:\/\/blog.vpiera.com\/es\/demo-de-pasteles-panpastel\/\" \/>\n<meta property=\"og:site_name\" content=\"Vicen\u00e7 Piera SL (ES)\" \/>\n<meta property=\"article:published_time\" content=\"2022-05-04T13:47:52+00:00\" \/>\n<meta property=\"article:modified_time\" content=\"2022-05-04T13:52:10+00:00\" \/>\n<meta property=\"og:image\" content=\"https:\/\/blog.vpiera.com\/es\/wp-content\/uploads\/sites\/2\/2022\/05\/dawn.jpg\" \/>\n\t<meta property=\"og:image:width\" content=\"700\" \/>\n\t<meta property=\"og:image:height\" content=\"500\" \/>\n\t<meta property=\"og:image:type\" content=\"image\/jpeg\" \/>\n<meta name=\"author\" content=\"redactor\" \/>\n<meta name=\"twitter:label1\" content=\"Escrito por\" \/>\n\t<meta name=\"twitter:data1\" content=\"redactor\" \/>\n\t<meta name=\"twitter:label2\" content=\"Tiempo de lectura\" \/>\n\t<meta name=\"twitter:data2\" content=\"4 minutos\" \/>\n<script type=\"application\/ld+json\" class=\"yoast-schema-graph\">{\"@context\":\"https:\\\/\\\/schema.org\",\"@graph\":[{\"@type\":\"Article\",\"@id\":\"https:\\\/\\\/blog.vpiera.com\\\/es\\\/demo-de-pasteles-panpastel\\\/#article\",\"isPartOf\":{\"@id\":\"https:\\\/\\\/blog.vpiera.com\\\/es\\\/demo-de-pasteles-panpastel\\\/\"},\"author\":{\"name\":\"redactor\",\"@id\":\"https:\\\/\\\/blog.vpiera.com\\\/es\\\/#\\\/schema\\\/person\\\/3fbd9cb819d823d1e8b34cd02e978f3f\"},\"headline\":\"Directo de Dawn Emerson con pasteles PanPastel en Barcelona.\",\"datePublished\":\"2022-05-04T13:47:52+00:00\",\"dateModified\":\"2022-05-04T13:52:10+00:00\",\"mainEntityOfPage\":{\"@id\":\"https:\\\/\\\/blog.vpiera.com\\\/es\\\/demo-de-pasteles-panpastel\\\/\"},\"wordCount\":494,\"commentCount\":2,\"image\":{\"@id\":\"https:\\\/\\\/blog.vpiera.com\\\/es\\\/demo-de-pasteles-panpastel\\\/#primaryimage\"},\"thumbnailUrl\":\"https:\\\/\\\/blog.vpiera.com\\\/es\\\/wp-content\\\/uploads\\\/sites\\\/2\\\/2022\\\/05\\\/dawn.jpg\",\"keywords\":[\"PASTELES\",\"T\u00c9CNICAS SECAS\",\"Vpiera Noticias\"],\"articleSection\":[\"Noticias\"],\"inLanguage\":\"es\",\"potentialAction\":[{\"@type\":\"CommentAction\",\"name\":\"Comment\",\"target\":[\"https:\\\/\\\/blog.vpiera.com\\\/es\\\/demo-de-pasteles-panpastel\\\/#respond\"]}]},{\"@type\":\"WebPage\",\"@id\":\"https:\\\/\\\/blog.vpiera.com\\\/es\\\/demo-de-pasteles-panpastel\\\/\",\"url\":\"https:\\\/\\\/blog.vpiera.com\\\/es\\\/demo-de-pasteles-panpastel\\\/\",\"name\":\"Directo de Dawn Emerson con pasteles PanPastel en Barcelona.\",\"isPartOf\":{\"@id\":\"https:\\\/\\\/blog.vpiera.com\\\/es\\\/#website\"},\"primaryImageOfPage\":{\"@id\":\"https:\\\/\\\/blog.vpiera.com\\\/es\\\/demo-de-pasteles-panpastel\\\/#primaryimage\"},\"image\":{\"@id\":\"https:\\\/\\\/blog.vpiera.com\\\/es\\\/demo-de-pasteles-panpastel\\\/#primaryimage\"},\"thumbnailUrl\":\"https:\\\/\\\/blog.vpiera.com\\\/es\\\/wp-content\\\/uploads\\\/sites\\\/2\\\/2022\\\/05\\\/dawn.jpg\",\"datePublished\":\"2022-05-04T13:47:52+00:00\",\"dateModified\":\"2022-05-04T13:52:10+00:00\",\"author\":{\"@id\":\"https:\\\/\\\/blog.vpiera.com\\\/es\\\/#\\\/schema\\\/person\\\/3fbd9cb819d823d1e8b34cd02e978f3f\"},\"description\":\"Demostraci\u00f3n de pasteles PanPastel con la artista americana Dawn Emerson, en las tiendas de Vicen\u00e7 Piera el 12 y 19 de mayo 2022.\",\"breadcrumb\":{\"@id\":\"https:\\\/\\\/blog.vpiera.com\\\/es\\\/demo-de-pasteles-panpastel\\\/#breadcrumb\"},\"inLanguage\":\"es\",\"potentialAction\":[{\"@type\":\"ReadAction\",\"target\":[\"https:\\\/\\\/blog.vpiera.com\\\/es\\\/demo-de-pasteles-panpastel\\\/\"]}]},{\"@type\":\"ImageObject\",\"inLanguage\":\"es\",\"@id\":\"https:\\\/\\\/blog.vpiera.com\\\/es\\\/demo-de-pasteles-panpastel\\\/#primaryimage\",\"url\":\"https:\\\/\\\/blog.vpiera.com\\\/es\\\/wp-content\\\/uploads\\\/sites\\\/2\\\/2022\\\/05\\\/dawn.jpg\",\"contentUrl\":\"https:\\\/\\\/blog.vpiera.com\\\/es\\\/wp-content\\\/uploads\\\/sites\\\/2\\\/2022\\\/05\\\/dawn.jpg\",\"width\":700,\"height\":500,\"caption\":\"Dawn Wmerson en su estudio\"},{\"@type\":\"BreadcrumbList\",\"@id\":\"https:\\\/\\\/blog.vpiera.com\\\/es\\\/demo-de-pasteles-panpastel\\\/#breadcrumb\",\"itemListElement\":[{\"@type\":\"ListItem\",\"position\":1,\"name\":\"Portada\",\"item\":\"https:\\\/\\\/blog.vpiera.com\\\/es\\\/\"},{\"@type\":\"ListItem\",\"position\":2,\"name\":\"Directo de Dawn Emerson con pasteles PanPastel en Barcelona.\"}]},{\"@type\":\"WebSite\",\"@id\":\"https:\\\/\\\/blog.vpiera.com\\\/es\\\/#website\",\"url\":\"https:\\\/\\\/blog.vpiera.com\\\/es\\\/\",\"name\":\"Vicen\u00e7 Piera SL (ES)\",\"description\":\"Blog de la tienda de bellas artes Piera\",\"potentialAction\":[{\"@type\":\"SearchAction\",\"target\":{\"@type\":\"EntryPoint\",\"urlTemplate\":\"https:\\\/\\\/blog.vpiera.com\\\/es\\\/?s={search_term_string}\"},\"query-input\":{\"@type\":\"PropertyValueSpecification\",\"valueRequired\":true,\"valueName\":\"search_term_string\"}}],\"inLanguage\":\"es\"},{\"@type\":\"Person\",\"@id\":\"https:\\\/\\\/blog.vpiera.com\\\/es\\\/#\\\/schema\\\/person\\\/3fbd9cb819d823d1e8b34cd02e978f3f\",\"name\":\"redactor\",\"image\":{\"@type\":\"ImageObject\",\"inLanguage\":\"es\",\"@id\":\"https:\\\/\\\/secure.gravatar.com\\\/avatar\\\/eb5efd4231036bb3e9b9c32b9e4ffdf0ea7fcb1d5c0ff04f691edc9e061d400a?s=96&d=blank&r=g\",\"url\":\"https:\\\/\\\/secure.gravatar.com\\\/avatar\\\/eb5efd4231036bb3e9b9c32b9e4ffdf0ea7fcb1d5c0ff04f691edc9e061d400a?s=96&d=blank&r=g\",\"contentUrl\":\"https:\\\/\\\/secure.gravatar.com\\\/avatar\\\/eb5efd4231036bb3e9b9c32b9e4ffdf0ea7fcb1d5c0ff04f691edc9e061d400a?s=96&d=blank&r=g\",\"caption\":\"redactor\"}}]}<\/script>\n<!-- \/ Yoast SEO plugin. -->","yoast_head_json":{"title":"Directo de Dawn Emerson con pasteles PanPastel en Barcelona.","description":"Demostraci\u00f3n de pasteles PanPastel con la artista americana Dawn Emerson, en las tiendas de Vicen\u00e7 Piera el 12 y 19 de mayo 2022.","robots":{"index":"index","follow":"follow","max-snippet":"max-snippet:-1","max-image-preview":"max-image-preview:large","max-video-preview":"max-video-preview:-1"},"canonical":"https:\/\/blog.vpiera.com\/es\/demo-de-pasteles-panpastel\/","og_locale":"es_ES","og_type":"article","og_title":"Directo de Dawn Emerson con pasteles PanPastel en Barcelona.","og_description":"Demostraci\u00f3n de pasteles PanPastel con la artista americana Dawn Emerson, en las tiendas de Vicen\u00e7 Piera el 12 y 19 de mayo 2022.","og_url":"https:\/\/blog.vpiera.com\/es\/demo-de-pasteles-panpastel\/","og_site_name":"Vicen\u00e7 Piera SL (ES)","article_published_time":"2022-05-04T13:47:52+00:00","article_modified_time":"2022-05-04T13:52:10+00:00","og_image":[{"width":700,"height":500,"url":"https:\/\/blog.vpiera.com\/es\/wp-content\/uploads\/sites\/2\/2022\/05\/dawn.jpg","type":"image\/jpeg"}],"author":"redactor","twitter_misc":{"Escrito por":"redactor","Tiempo de lectura":"4 minutos"},"schema":{"@context":"https:\/\/schema.org","@graph":[{"@type":"Article","@id":"https:\/\/blog.vpiera.com\/es\/demo-de-pasteles-panpastel\/#article","isPartOf":{"@id":"https:\/\/blog.vpiera.com\/es\/demo-de-pasteles-panpastel\/"},"author":{"name":"redactor","@id":"https:\/\/blog.vpiera.com\/es\/#\/schema\/person\/3fbd9cb819d823d1e8b34cd02e978f3f"},"headline":"Directo de Dawn Emerson con pasteles PanPastel en Barcelona.","datePublished":"2022-05-04T13:47:52+00:00","dateModified":"2022-05-04T13:52:10+00:00","mainEntityOfPage":{"@id":"https:\/\/blog.vpiera.com\/es\/demo-de-pasteles-panpastel\/"},"wordCount":494,"commentCount":2,"image":{"@id":"https:\/\/blog.vpiera.com\/es\/demo-de-pasteles-panpastel\/#primaryimage"},"thumbnailUrl":"https:\/\/blog.vpiera.com\/es\/wp-content\/uploads\/sites\/2\/2022\/05\/dawn.jpg","keywords":["PASTELES","T\u00c9CNICAS SECAS","Vpiera Noticias"],"articleSection":["Noticias"],"inLanguage":"es","potentialAction":[{"@type":"CommentAction","name":"Comment","target":["https:\/\/blog.vpiera.com\/es\/demo-de-pasteles-panpastel\/#respond"]}]},{"@type":"WebPage","@id":"https:\/\/blog.vpiera.com\/es\/demo-de-pasteles-panpastel\/","url":"https:\/\/blog.vpiera.com\/es\/demo-de-pasteles-panpastel\/","name":"Directo de Dawn Emerson con pasteles PanPastel en Barcelona.","isPartOf":{"@id":"https:\/\/blog.vpiera.com\/es\/#website"},"primaryImageOfPage":{"@id":"https:\/\/blog.vpiera.com\/es\/demo-de-pasteles-panpastel\/#primaryimage"},"image":{"@id":"https:\/\/blog.vpiera.com\/es\/demo-de-pasteles-panpastel\/#primaryimage"},"thumbnailUrl":"https:\/\/blog.vpiera.com\/es\/wp-content\/uploads\/sites\/2\/2022\/05\/dawn.jpg","datePublished":"2022-05-04T13:47:52+00:00","dateModified":"2022-05-04T13:52:10+00:00","author":{"@id":"https:\/\/blog.vpiera.com\/es\/#\/schema\/person\/3fbd9cb819d823d1e8b34cd02e978f3f"},"description":"Demostraci\u00f3n de pasteles PanPastel con la artista americana Dawn Emerson, en las tiendas de Vicen\u00e7 Piera el 12 y 19 de mayo 2022.","breadcrumb":{"@id":"https:\/\/blog.vpiera.com\/es\/demo-de-pasteles-panpastel\/#breadcrumb"},"inLanguage":"es","potentialAction":[{"@type":"ReadAction","target":["https:\/\/blog.vpiera.com\/es\/demo-de-pasteles-panpastel\/"]}]},{"@type":"ImageObject","inLanguage":"es","@id":"https:\/\/blog.vpiera.com\/es\/demo-de-pasteles-panpastel\/#primaryimage","url":"https:\/\/blog.vpiera.com\/es\/wp-content\/uploads\/sites\/2\/2022\/05\/dawn.jpg","contentUrl":"https:\/\/blog.vpiera.com\/es\/wp-content\/uploads\/sites\/2\/2022\/05\/dawn.jpg","width":700,"height":500,"caption":"Dawn Wmerson en su estudio"},{"@type":"BreadcrumbList","@id":"https:\/\/blog.vpiera.com\/es\/demo-de-pasteles-panpastel\/#breadcrumb","itemListElement":[{"@type":"ListItem","position":1,"name":"Portada","item":"https:\/\/blog.vpiera.com\/es\/"},{"@type":"ListItem","position":2,"name":"Directo de Dawn Emerson con pasteles PanPastel en Barcelona."}]},{"@type":"WebSite","@id":"https:\/\/blog.vpiera.com\/es\/#website","url":"https:\/\/blog.vpiera.com\/es\/","name":"Vicen\u00e7 Piera SL (ES)","description":"Blog de la tienda de bellas artes Piera","potentialAction":[{"@type":"SearchAction","target":{"@type":"EntryPoint","urlTemplate":"https:\/\/blog.vpiera.com\/es\/?s={search_term_string}"},"query-input":{"@type":"PropertyValueSpecification","valueRequired":true,"valueName":"search_term_string"}}],"inLanguage":"es"},{"@type":"Person","@id":"https:\/\/blog.vpiera.com\/es\/#\/schema\/person\/3fbd9cb819d823d1e8b34cd02e978f3f","name":"redactor","image":{"@type":"ImageObject","inLanguage":"es","@id":"https:\/\/secure.gravatar.com\/avatar\/eb5efd4231036bb3e9b9c32b9e4ffdf0ea7fcb1d5c0ff04f691edc9e061d400a?s=96&d=blank&r=g","url":"https:\/\/secure.gravatar.com\/avatar\/eb5efd4231036bb3e9b9c32b9e4ffdf0ea7fcb1d5c0ff04f691edc9e061d400a?s=96&d=blank&r=g","contentUrl":"https:\/\/secure.gravatar.com\/avatar\/eb5efd4231036bb3e9b9c32b9e4ffdf0ea7fcb1d5c0ff04f691edc9e061d400a?s=96&d=blank&r=g","caption":"redactor"}}]}},"_links":{"self":[{"href":"https:\/\/blog.vpiera.com\/es\/wp-json\/wp\/v2\/posts\/1709","targetHints":{"allow":["GET"]}}],"collection":[{"href":"https:\/\/blog.vpiera.com\/es\/wp-json\/wp\/v2\/posts"}],"about":[{"href":"https:\/\/blog.vpiera.com\/es\/wp-json\/wp\/v2\/types\/post"}],"author":[{"embeddable":true,"href":"https:\/\/blog.vpiera.com\/es\/wp-json\/wp\/v2\/users\/12"}],"replies":[{"embeddable":true,"href":"https:\/\/blog.vpiera.com\/es\/wp-json\/wp\/v2\/comments?post=1709"}],"version-history":[{"count":19,"href":"https:\/\/blog.vpiera.com\/es\/wp-json\/wp\/v2\/posts\/1709\/revisions"}],"predecessor-version":[{"id":1752,"href":"https:\/\/blog.vpiera.com\/es\/wp-json\/wp\/v2\/posts\/1709\/revisions\/1752"}],"wp:featuredmedia":[{"embeddable":true,"href":"https:\/\/blog.vpiera.com\/es\/wp-json\/wp\/v2\/media\/1748"}],"wp:attachment":[{"href":"https:\/\/blog.vpiera.com\/es\/wp-json\/wp\/v2\/media?parent=1709"}],"wp:term":[{"taxonomy":"category","embeddable":true,"href":"https:\/\/blog.vpiera.com\/es\/wp-json\/wp\/v2\/categories?post=1709"},{"taxonomy":"post_tag","embeddable":true,"href":"https:\/\/blog.vpiera.com\/es\/wp-json\/wp\/v2\/tags?post=1709"}],"curies":[{"name":"wp","href":"https:\/\/api.w.org\/{rel}","templated":true}]}}